{"id":465663,"date":"2026-05-01T12:39:06","date_gmt":"2026-05-01T16:39:06","guid":{"rendered":"https:\/\/primermomento.com\/?p=465663"},"modified":"2026-05-01T12:39:06","modified_gmt":"2026-05-01T16:39:06","slug":"alcaldia-de-bani-y-comite-de-carnaval-entregan-incentivo-economico-a-comparsas-locales","status":"publish","type":"post","link":"https:\/\/primermomento.com\/?p=465663","title":{"rendered":"Alcald\u00eda de Ban\u00ed y Comit\u00e9 de Carnaval entregan incentivo econ\u00f3mico a comparsas locales"},"content":{"rendered":"<div style=\"width: 696px;\" class=\"wp-video\"><video class=\"wp-video-shortcode\" id=\"video-465663-1\" width=\"696\" height=\"392\" preload=\"metadata\" controls=\"controls\"><source type=\"video\/mp4\" src=\"https:\/\/primermomento.com\/wp-content\/uploads\/2026\/05\/Entrega-de-incentivos-a-comparsas-locales-Carnaval.mp4?_=1\" \/><a href=\"https:\/\/primermomento.com\/wp-content\/uploads\/2026\/05\/Entrega-de-incentivos-a-comparsas-locales-Carnaval.mp4\">https:\/\/primermomento.com\/wp-content\/uploads\/2026\/05\/Entrega-de-incentivos-a-comparsas-locales-Carnaval.mp4<\/a><\/video><\/div>\n<p><strong><em>Por <span style=\"color: #ff0000;\">Servicios de Primermomento.com<\/span><\/em><\/strong><\/p>\n<p>BAN\u00cd, Rep\u00fablica Dominicana.- El Comit\u00e9 de Carnaval Regional que efect\u00faa la Alcald\u00eda de Ban\u00ed, realiz\u00f3 este jueves 30 de abril, la entrega de incentivos econ\u00f3micos a unas 28 comparsas locales, de m\u00e1s de 70 que estar\u00e1n participando en la d\u00e9cima octava versi\u00f3n del gran desfile pautado para el pr\u00f3ximo domingo 3 de mayo.<\/p>\n<p>Este aporte tiene como objetivo respaldar a los grupos culturales en la preparaci\u00f3n de sus disfraces y presentaciones, fortaleciendo as\u00ed una de las tradiciones m\u00e1s representativas del municipio.<\/p>\n<p><img loading=\"lazy\" decoding=\"async\" class=\"size-medium wp-image-465666 alignleft\" src=\"https:\/\/primermomento.com\/wp-content\/uploads\/2026\/05\/PHOTO-2026-05-01-11-59-42-1-300x184.jpg\" alt=\"\" width=\"300\" height=\"184\" srcset=\"https:\/\/primermomento.com\/wp-content\/uploads\/2026\/05\/PHOTO-2026-05-01-11-59-42-1-300x184.jpg 300w, https:\/\/primermomento.com\/wp-content\/uploads\/2026\/05\/PHOTO-2026-05-01-11-59-42-1-1024x628.jpg 1024w, https:\/\/primermomento.com\/wp-content\/uploads\/2026\/05\/PHOTO-2026-05-01-11-59-42-1-768x471.jpg 768w, https:\/\/primermomento.com\/wp-content\/uploads\/2026\/05\/PHOTO-2026-05-01-11-59-42-1.jpg 1600w\" sizes=\"auto, (max-width: 300px) 100vw, 300px\" \/>La encargada de Cultura y presidenta del Comit\u00e9 de Carnaval, Marlenys D\u00edaz, destac\u00f3 la importancia de este apoyo para el desarrollo del evento, al tiempo que exhort\u00f3 a toda la poblaci\u00f3n a integrarse y disfrutar de esta gran fiesta cultural.<\/p>\n<p>\u201cCon este aporte contribuimos a que las comparsas locales puedan prepararse mejor y dar un buen espect\u00e1culo\u201d, se\u00f1al\u00f3 D\u00edaz.<\/p>\n<p>El desfile, como es tradici\u00f3n, iniciar\u00e1 a partir de las 2:00 de la tarde en la calle Santom\u00e9 esquina Manuel de Regla Mota y recorrer\u00e1 la Presidente Billini hasta la Duarte y luego bajar\u00e1 para terminar en la avenida Fabio Herrera, donde se espera la participaci\u00f3n de comparsas llenas de colorido, creatividad y entusiasmo.<\/p>\n<p>La organizaci\u00f3n reiter\u00f3 su invitaci\u00f3n a las familias banilejas y visitantes a darse cita y ser parte de esta celebraci\u00f3n que resalta la cultura local.<\/p>\n","protected":false},"excerpt":{"rendered":"<p>Por Servicios de Primermomento.com BAN\u00cd, Rep\u00fablica Dominicana.- El Comit\u00e9 de Carnaval Regional que efect\u00faa la Alcald\u00eda de Ban\u00ed, realiz\u00f3 este jueves 30 de abril, la entrega de incentivos econ\u00f3micos a unas 28 comparsas locales, de m\u00e1s de 70 que estar\u00e1n participando en la d\u00e9cima octava versi\u00f3n del gran desfile pautado para el pr\u00f3ximo domingo 3 [&hellip;]<\/p>\n","protected":false},"author":1,"featured_media":465665,"comment_status":"open","ping_status":"open","sticky":false,"template":"","format":"video","meta":{"_bbp_topic_count":0,"_bbp_reply_count":0,"_bbp_total_topic_count":0,"_bbp_total_reply_count":0,"_bbp_voice_count":0,"_bbp_anonymous_reply_count":0,"_bbp_topic_count_hidden":0,"_bbp_reply_count_hidden":0,"_bbp_forum_subforum_count":0,"footnotes":""},"categories":[30,106],"tags":[],"class_list":{"0":"post-465663","1":"post","2":"type-post","3":"status-publish","4":"format-video","5":"has-post-thumbnail","7":"category-actualidad","8":"category-video-news","9":"post_format-post-format-video"},"_links":{"self":[{"href":"https:\/\/primermomento.com\/index.php?rest_route=\/wp\/v2\/posts\/465663","targetHints":{"allow":["GET"]}}],"collection":[{"href":"https:\/\/primermomento.com\/index.php?rest_route=\/wp\/v2\/posts"}],"about":[{"href":"https:\/\/primermomento.com\/index.php?rest_route=\/wp\/v2\/types\/post"}],"author":[{"embeddable":true,"href":"https:\/\/primermomento.com\/index.php?rest_route=\/wp\/v2\/users\/1"}],"replies":[{"embeddable":true,"href":"https:\/\/primermomento.com\/index.php?rest_route=%2Fwp%2Fv2%2Fcomments&post=465663"}],"version-history":[{"count":2,"href":"https:\/\/primermomento.com\/index.php?rest_route=\/wp\/v2\/posts\/465663\/revisions"}],"predecessor-version":[{"id":465668,"href":"https:\/\/primermomento.com\/index.php?rest_route=\/wp\/v2\/posts\/465663\/revisions\/465668"}],"wp:featuredmedia":[{"embeddable":true,"href":"https:\/\/primermomento.com\/index.php?rest_route=\/wp\/v2\/media\/465665"}],"wp:attachment":[{"href":"https:\/\/primermomento.com\/index.php?rest_route=%2Fwp%2Fv2%2Fmedia&parent=465663"}],"wp:term":[{"taxonomy":"category","embeddable":true,"href":"https:\/\/primermomento.com\/index.php?rest_route=%2Fwp%2Fv2%2Fcategories&post=465663"},{"taxonomy":"post_tag","embeddable":true,"href":"https:\/\/primermomento.com\/index.php?rest_route=%2Fwp%2Fv2%2Ftags&post=465663"}],"curies":[{"name":"wp","href":"https:\/\/api.w.org\/{rel}","templated":true}]}}