{"id":465674,"date":"2026-05-01T06:00:48","date_gmt":"2026-05-01T10:00:48","guid":{"rendered":"https:\/\/primermomento.com\/?p=465674"},"modified":"2026-05-01T12:53:19","modified_gmt":"2026-05-01T16:53:19","slug":"posible-reeleccion-de-infantino-retumba-con-fuerza-en-seno-de-la-fifa","status":"publish","type":"post","link":"https:\/\/primermomento.com\/?p=465674","title":{"rendered":"Posible reelecci\u00f3n de Infantino retumba con fuerza en seno de la FIFA"},"content":{"rendered":"<p><strong><em>Por<span style=\"color: #ff0000;\"> Prensa Latina<\/span><\/em><\/strong><\/p>\n<p>Vancouver, CANAD\u00c1.- Los ecos sobre la posible reelecci\u00f3n del presidente de la Federaci\u00f3n Internacional de F\u00fatbol Asociaci\u00f3n (FIFA), Gianni Infantino, retumban con fuerza en el seno de la entidad, un d\u00eda despu\u00e9s de realizar su Congreso.<\/p>\n<p>Infantivo revel\u00f3 la intenci\u00f3n de presentarse para un cuarto mandato de 2027-2031 luego de recibir las promesas de apoyo de las confederaciones de \u00c1frica y Asia.<\/p>\n<p>Ambas suman 101 votos en la elecci\u00f3n presidencial del organismo, de un total de 211 federaciones, y el directivo ya obtuvo el respaldo de la Confederaci\u00f3n Sudamericana, que aporta otros 10 sufragios.<\/p>\n<p>El abogado suizo-italiano asumi\u00f3 la presidencia de la FIFA en 2016, a ra\u00edz del esc\u00e1ndalo de corrupci\u00f3n que provoc\u00f3 la ca\u00edda de su predecesor, Joseph Blatter. Posteriormente fue reelegido para el cargo en 2019 y 2023.<\/p>\n<p>Infantino apost\u00f3 desde un principio en impulsar la ampliaci\u00f3n de las competiciones de la FIFA durante su mandato, siendo \u200bel \u200bMundial de este a\u00f1o \u200ben Norteam\u00e9rica el primero \u200cen contar con 48 equipos, mientras que el torneo femenino de 2023 crecer\u00e1 hasta 32 conjuntos.<\/p>\n<p>Aunque su etapa al frente de la FIFA ha generado cr\u00edticas por temas como los altos precios de \u200clas entradas para el Mundial \u200by la decisi\u00f3n de otorgar \u200bel primer Premio \u200bde la Paz de la FIFA \u200cal presidente de Estados Unidos, \u200bDonald Trump.<\/p>\n<p>En el discurso inaugural del Congreso, Infantino insisti\u00f3 en la asistencia de Ir\u00e1n a la Copa Mundial de 2026 en Estados Unidos, pese a la confrontaci\u00f3n entre ambos pa\u00edses.<\/p>\n<p>\u00abIr\u00e1n va a jugar el Mundial. Y por supuesto, va a jugar en Estados Unidos. El motivo es sencillo: tenemos que unirnos, unir a la gente. El f\u00fatbol nos une. Hay que ser siempre positivos\u00bb, afirm\u00f3.<\/p>\n<p>Sin embargo, en el pase de lista de los 211 miembros de la entidad por su secretario general, Mattias Grafstr\u00f6m, solo faltaban los representantes de la naci\u00f3n asi\u00e1tica, quienes recibieron el respaldo de un grupo de manifestantes que sosten\u00eda banderas iran\u00edes, en el Centro de Convenciones de esta ciudad.<\/p>\n<p>Al titular de la Federaci\u00f3n de Ir\u00e1n, Mehdi Taj; el secretario general, Hedayat Mombeini; y su adjunto Hamed Momeni, con sus visados para participar en el c\u00f3nclave, se les neg\u00f3 la entrada en el aeropuerto de Toronto.<\/p>\n<p>En el congreso de la Confederaci\u00f3n Asi\u00e1tica realizado aqu\u00ed a comienzos de la semana no se abord\u00f3 la participaci\u00f3n de Ir\u00e1n en la justa universal y el posible trasladado de sus partidos fuera de Estados Unidos.<\/p>\n<p>Adem\u00e1s, quiso que los delegados de Israel y Palestina se dieran la mano durante el Congreso, pero no lo consigui\u00f3.<\/p>\n<p>Tambi\u00e9n abord\u00f3 brevemente las quejas sobre el costo de las entradas para los choques de la Copa del Mundo, que tambi\u00e9n tendr\u00e1 como sede a M\u00e9xico y Canad\u00e1, aunque sus comentarios estuvieron dirigidos a los jefes de las asociaciones miembro y no a los aficionados.<\/p>\n<p>\u00abHay entradas caras, s\u00ed, y tambi\u00e9n hay entradas asequibles. Y lo importante es que todos los ingresos que generamos del mundo regresan a ustedes, regresan al mundo entero y financian el f\u00fatbol en todos sus pa\u00edses\u00bb, asever\u00f3.<\/p>\n<p>La guerra en Oriente Medio, los problemas log\u00edsticos del Mundial 2026 y la cuesti\u00f3n a\u00fan sin resolver de la sanci\u00f3n internacional a Rusia tambi\u00e9n figuraron en la agenda de los debates entre los aproximadamente mil 600 delegados al Congreso.<\/p>\n<p><em><a href=\"https:\/\/primermomento.com\/?p=465674\">#apoyo\u00a0#asia\u00a0#Confederaciones\u00a0#congreso\u00a0#elecciones\u00a0#Entradas\u00a0#estados\u00a0#guerra\u00a0#infantino\u00a0#medio\u00a0#Mundial\u00a0#oriente\u00a0#precios\u00a0#presidente\u00a0#Rusia\u00a0#unidos<\/a><\/em><\/p>\n","protected":false},"excerpt":{"rendered":"<p>Por Prensa Latina Vancouver, CANAD\u00c1.- Los ecos sobre la posible reelecci\u00f3n del presidente de la Federaci\u00f3n Internacional de F\u00fatbol Asociaci\u00f3n (FIFA), Gianni Infantino, retumban con fuerza en el seno de la entidad, un d\u00eda despu\u00e9s de realizar su Congreso. Infantivo revel\u00f3 la intenci\u00f3n de presentarse para un cuarto mandato de 2027-2031 luego de recibir las [&hellip;]<\/p>\n","protected":false},"author":1,"featured_media":465675,"comment_status":"open","ping_status":"open","sticky":false,"template":"","format":"standard","meta":{"_bbp_topic_count":0,"_bbp_reply_count":0,"_bbp_total_topic_count":0,"_bbp_total_reply_count":0,"_bbp_voice_count":0,"_bbp_anonymous_reply_count":0,"_bbp_topic_count_hidden":0,"_bbp_reply_count_hidden":0,"_bbp_forum_subforum_count":0,"footnotes":""},"categories":[42],"tags":[],"class_list":{"0":"post-465674","1":"post","2":"type-post","3":"status-publish","4":"format-standard","5":"has-post-thumbnail","7":"category-deportes"},"_links":{"self":[{"href":"https:\/\/primermomento.com\/index.php?rest_route=\/wp\/v2\/posts\/465674","targetHints":{"allow":["GET"]}}],"collection":[{"href":"https:\/\/primermomento.com\/index.php?rest_route=\/wp\/v2\/posts"}],"about":[{"href":"https:\/\/primermomento.com\/index.php?rest_route=\/wp\/v2\/types\/post"}],"author":[{"embeddable":true,"href":"https:\/\/primermomento.com\/index.php?rest_route=\/wp\/v2\/users\/1"}],"replies":[{"embeddable":true,"href":"https:\/\/primermomento.com\/index.php?rest_route=%2Fwp%2Fv2%2Fcomments&post=465674"}],"version-history":[{"count":1,"href":"https:\/\/primermomento.com\/index.php?rest_route=\/wp\/v2\/posts\/465674\/revisions"}],"predecessor-version":[{"id":465676,"href":"https:\/\/primermomento.com\/index.php?rest_route=\/wp\/v2\/posts\/465674\/revisions\/465676"}],"wp:featuredmedia":[{"embeddable":true,"href":"https:\/\/primermomento.com\/index.php?rest_route=\/wp\/v2\/media\/465675"}],"wp:attachment":[{"href":"https:\/\/primermomento.com\/index.php?rest_route=%2Fwp%2Fv2%2Fmedia&parent=465674"}],"wp:term":[{"taxonomy":"category","embeddable":true,"href":"https:\/\/primermomento.com\/index.php?rest_route=%2Fwp%2Fv2%2Fcategories&post=465674"},{"taxonomy":"post_tag","embeddable":true,"href":"https:\/\/primermomento.com\/index.php?rest_route=%2Fwp%2Fv2%2Ftags&post=465674"}],"curies":[{"name":"wp","href":"https:\/\/api.w.org\/{rel}","templated":true}]}}