{"id":466728,"date":"2026-05-18T16:35:16","date_gmt":"2026-05-18T20:35:16","guid":{"rendered":"https:\/\/primermomento.com\/?p=466728"},"modified":"2026-05-19T07:39:26","modified_gmt":"2026-05-19T11:39:26","slug":"mototaxistas-protestan-por-alza-de-combustibles-en-santiago","status":"publish","type":"post","link":"https:\/\/primermomento.com\/?p=466728","title":{"rendered":"Mototaxistas protestan por alza de combustibles en Santiago"},"content":{"rendered":"<p><strong><em>Por <span style=\"color: #ff0000;\">Prensa Latina<\/span><\/em><\/strong><\/p>\n<p>SANTIAGO, Rep\u00fablica Dominicana.- Decenas de mototaxistas protestaron hoy en la provincia dominicana de Santiago de los Caballeros contra el alza de los combustibles y el aumento en el costo del impuesto para la licencia de conducir motocicletas.<\/p>\n<div class=\"elementor-element elementor-element-0aea3a0 elementor-widget elementor-widget-theme-post-content\" data-id=\"0aea3a0\" data-element_type=\"widget\" data-e-type=\"widget\" data-widget_type=\"theme-post-content.default\">\n<div class=\"elementor-widget-container\">\n<p>Los motoconchistas, conductores de motocicletas que ofrecen transporte p\u00fablico informal o \u00absemi formal\u00bb, tambi\u00e9n expresaron su desacuerdo con la propuesta que establece el uso obligatorio de doble casco protector, durante la movilizaci\u00f3n que recorri\u00f3 varias calles de la ciudad hasta llegar al Monumento a los H\u00e9roes de la Restauraci\u00f3n.<\/p>\n<p>El presidente de la Federaci\u00f3n de Mototaxis de Santiago, Miguel Jim\u00e9nez, denunci\u00f3 que el sector est\u00e1 siendo afectado por medidas econ\u00f3micas que, seg\u00fan afirm\u00f3, ponen en riesgo el sustento diario de miles de trabajadores.<\/p>\n<p>\u201cTodas las semanas sube el combustible y el motoconcho es uno de los sectores que m\u00e1s gasolina consume en el pa\u00eds. Sin embargo, cuando el Gobierno hace acuerdos o subsidios con otros sectores del transporte, a nosotros no nos toman en cuenta\u201d, expres\u00f3 el dirigente.<\/p>\n<p>Jim\u00e9nez tambi\u00e9n critic\u00f3 el aumento en el impuesto de la licencia categor\u00eda 1, que, seg\u00fan indic\u00f3, pas\u00f3 de 900 pesos (unos 15 d\u00f3lares) a dos mil 500 pesos (41.60 d\u00f3lares), situaci\u00f3n que calific\u00f3 como un golpe para trabajadores de bajos ingresos.<\/p>\n<p>Otro de los reclamos estuvo relacionado con la disposici\u00f3n sobre el uso obligatorio de doble casco para conductor y pasajero. Los mototaxis consideran que la medida representa un gasto adicional que muchos no pueden asumir actualmente.<\/p>\n<p>El dirigente sostuvo que las autoridades no pueden imponer el tipo de casco que debe adquirir el sector sin antes establecer mecanismos de apoyo econ\u00f3mico y espacios de di\u00e1logo.<\/p>\n<p>Para miles de dominicanos el motoconcho representa una forma r\u00e1pida y econ\u00f3mica de moverse por la ciudad, evitar el tr\u00e1fico y llegar a tiempo al trabajo, la universidad o cualquier diligencia.<\/p>\n<p>Con los a\u00f1os, se ha convertido en parte esencial de la vida cotidiana y de la cultura urbana dominicana.<\/p>\n<p>Sin embargo, seg\u00fan cifras del Observatorio Permanente de la Seguridad Vial, los motociclistas en general representan m\u00e1s del 60 por ciento de las v\u00edctimas mortales en accidentes de tr\u00e1nsito en la Rep\u00fablica Dominicana.<\/p>\n<\/div>\n<\/div>\n<div class=\"elementor-element elementor-element-4f75016 elementor-widget elementor-widget-post-info\" data-id=\"4f75016\" data-element_type=\"widget\" data-e-type=\"widget\" data-widget_type=\"post-info.default\">\n<div class=\"elementor-widget-container\">\n<ul class=\"elementor-inline-items elementor-icon-list-items elementor-post-info\">\n<li class=\"elementor-icon-list-item elementor-repeater-item-17dda3e elementor-inline-item\"><em><span class=\"elementor-icon-list-text elementor-post-info__item elementor-post-info__item--type-custom\">#<a href=\"https:\/\/primermomento.com\/?p=466728\" rel=\"tag\">motoconchos<\/a>\u00a0#<a href=\"https:\/\/primermomento.com\/?p=466728\" rel=\"tag\">protestas<\/a>\u00a0#<a href=\"https:\/\/primermomento.com\/?p=466728\" rel=\"tag\">subida combustible<\/a><\/span><\/em><\/li>\n<\/ul>\n<\/div>\n<\/div>\n","protected":false},"excerpt":{"rendered":"<p>Por Prensa Latina SANTIAGO, Rep\u00fablica Dominicana.- Decenas de mototaxistas protestaron hoy en la provincia dominicana de Santiago de los Caballeros contra el alza de los combustibles y el aumento en el costo del impuesto para la licencia de conducir motocicletas. Los motoconchistas, conductores de motocicletas que ofrecen transporte p\u00fablico informal o \u00absemi formal\u00bb, tambi\u00e9n expresaron [&hellip;]<\/p>\n","protected":false},"author":1,"featured_media":466729,"comment_status":"open","ping_status":"open","sticky":false,"template":"","format":"standard","meta":{"_bbp_topic_count":0,"_bbp_reply_count":0,"_bbp_total_topic_count":0,"_bbp_total_reply_count":0,"_bbp_voice_count":0,"_bbp_anonymous_reply_count":0,"_bbp_topic_count_hidden":0,"_bbp_reply_count_hidden":0,"_bbp_forum_subforum_count":0,"footnotes":""},"categories":[32],"tags":[],"class_list":["post-466728","post","type-post","status-publish","format-standard","has-post-thumbnail","category-lo-ultimo"],"_links":{"self":[{"href":"https:\/\/primermomento.com\/index.php?rest_route=\/wp\/v2\/posts\/466728","targetHints":{"allow":["GET"]}}],"collection":[{"href":"https:\/\/primermomento.com\/index.php?rest_route=\/wp\/v2\/posts"}],"about":[{"href":"https:\/\/primermomento.com\/index.php?rest_route=\/wp\/v2\/types\/post"}],"author":[{"embeddable":true,"href":"https:\/\/primermomento.com\/index.php?rest_route=\/wp\/v2\/users\/1"}],"replies":[{"embeddable":true,"href":"https:\/\/primermomento.com\/index.php?rest_route=%2Fwp%2Fv2%2Fcomments&post=466728"}],"version-history":[{"count":1,"href":"https:\/\/primermomento.com\/index.php?rest_route=\/wp\/v2\/posts\/466728\/revisions"}],"predecessor-version":[{"id":466730,"href":"https:\/\/primermomento.com\/index.php?rest_route=\/wp\/v2\/posts\/466728\/revisions\/466730"}],"wp:featuredmedia":[{"embeddable":true,"href":"https:\/\/primermomento.com\/index.php?rest_route=\/wp\/v2\/media\/466729"}],"wp:attachment":[{"href":"https:\/\/primermomento.com\/index.php?rest_route=%2Fwp%2Fv2%2Fmedia&parent=466728"}],"wp:term":[{"taxonomy":"category","embeddable":true,"href":"https:\/\/primermomento.com\/index.php?rest_route=%2Fwp%2Fv2%2Fcategories&post=466728"},{"taxonomy":"post_tag","embeddable":true,"href":"https:\/\/primermomento.com\/index.php?rest_route=%2Fwp%2Fv2%2Ftags&post=466728"}],"curies":[{"name":"wp","href":"https:\/\/api.w.org\/{rel}","templated":true}]}}