{"id":466757,"date":"2026-05-19T06:48:32","date_gmt":"2026-05-19T10:48:32","guid":{"rendered":"https:\/\/primermomento.com\/?p=466757"},"modified":"2026-05-19T09:35:20","modified_gmt":"2026-05-19T13:35:20","slug":"crisis-en-medio-oriente-afecta-cada-vez-mas-al-empleo","status":"publish","type":"post","link":"https:\/\/primermomento.com\/?p=466757","title":{"rendered":"Crisis en Medio Oriente afecta cada vez m\u00e1s al empleo"},"content":{"rendered":"<p><em><strong>Por <span style=\"color: #ff0000;\">Prensa Latina<\/span><\/strong><\/em><\/p>\n<p>Ginebra, SUIZA.- La crisis en Medio Oriente est\u00e1 afectando cada vez m\u00e1s al empleo, las condiciones de trabajo y los ingresos en todo el mundo, advirti\u00f3 un nuevo informe de la Organizaci\u00f3n Internacional del Trabajo (OIT).<\/p>\n<div class=\"elementor-element elementor-element-0aea3a0 elementor-widget elementor-widget-theme-post-content\" data-id=\"0aea3a0\" data-element_type=\"widget\" data-widget_type=\"theme-post-content.default\">\n<div class=\"elementor-widget-container\">\n<p>Constata adem\u00e1s el reporte la presi\u00f3n creciente sobre los trabajadores migrantes y las econom\u00edas dependientes de las remesas.<\/p>\n<p>El aumento de los costos de la energ\u00eda, la interrupci\u00f3n de las rutas de transporte, las tensiones en las cadenas de suministro, la debilidad del turismo y las restricciones a la migraci\u00f3n ejercen presi\u00f3n sobre las econom\u00edas y los mercados de trabajo.<\/p>\n<p>Se prev\u00e9 que el conflicto afecte a los mercados de trabajo durante alg\u00fan tiempo, y la magnitud y duraci\u00f3n de sus efectos depender\u00e1n de la evoluci\u00f3n de la situaci\u00f3n, seg\u00fan los datos del organismo especializado de la ONU.<\/p>\n<p>Si bien las consecuencias plenas tardar\u00e1n en materializarse, la OIT advierte que la perturbaci\u00f3n se est\u00e1 transmitiendo a trav\u00e9s de m\u00faltiples canales, con presiones que se intensificar\u00e1n gradualmente en una econom\u00eda mundial marcada por un crecimiento d\u00e9bil y d\u00e9ficits de trabajo decente.<\/p>\n<p>En un escenario en el cual los precios del petr\u00f3leo aumentan alrededor de 50 por ciento por encima de su promedio de inicios de 2026, se prev\u00e9 que las horas de trabajo a nivel mundial disminuyan 0,5 por ciento en 2026 y 1,1 por ciento en 2027.<\/p>\n<p>Esto equivale a 14 millones y 38 millones de empleos a tiempo completo, respectivamente, mientras que los ingresos laborales reales disminuir\u00edan 1,1 por ciento y 3,0 por ciento (1,1 billones y tres billones de d\u00f3lares), respectivamente.<\/p>\n<p>El desempleo mundial aumentar\u00eda de forma m\u00e1s gradual, con incrementos de 0,1 puntos porcentuales en 2026 y 0,5 puntos porcentuales en 2027, se\u00f1ala el documento de la OIT.<\/p>\n<p>Los efectos ser\u00e1n muy desiguales entre regiones, sectores y trabajadores, y son los Estados \u00c1rabes y la regi\u00f3n de Asia y Pac\u00edfico las zonas m\u00e1s expuestas debido a su integraci\u00f3n con los flujos energ\u00e9ticos del Golfo Ar\u00e1bigo, las rutas comerciales, las cadenas de suministro y la migraci\u00f3n laboral.<\/p>\n<\/div>\n<\/div>\n<div class=\"elementor-element elementor-element-4f75016 elementor-widget elementor-widget-post-info\" data-id=\"4f75016\" data-element_type=\"widget\" data-widget_type=\"post-info.default\">\n<div class=\"elementor-widget-container\">\n<ul class=\"elementor-inline-items elementor-icon-list-items elementor-post-info\">\n<li class=\"elementor-icon-list-item elementor-repeater-item-17dda3e elementor-inline-item\"><em><span class=\"elementor-icon-list-text elementor-post-info__item elementor-post-info__item--type-custom\">#<a href=\"https:\/\/primermomento.com\/?p=466757\" rel=\"tag\">empleo<\/a>\u00a0#<a href=\"https:\/\/primermomento.com\/?p=466757\" rel=\"tag\">guerra<\/a>\u00a0#<a href=\"https:\/\/primermomento.com\/?p=466757\" rel=\"tag\">ingreso<\/a>\u00a0#<a href=\"https:\/\/primermomento.com\/?p=466757\" rel=\"tag\">oit<\/a>\u00a0#<a href=\"https:\/\/primermomento.com\/?p=466757\" rel=\"tag\">trabajo<\/a><\/span><\/em><\/li>\n<\/ul>\n<\/div>\n<\/div>\n","protected":false},"excerpt":{"rendered":"<p>Por Prensa Latina Ginebra, SUIZA.- La crisis en Medio Oriente est\u00e1 afectando cada vez m\u00e1s al empleo, las condiciones de trabajo y los ingresos en todo el mundo, advirti\u00f3 un nuevo informe de la Organizaci\u00f3n Internacional del Trabajo (OIT). Constata adem\u00e1s el reporte la presi\u00f3n creciente sobre los trabajadores migrantes y las econom\u00edas dependientes de [&hellip;]<\/p>\n","protected":false},"author":1,"featured_media":288901,"comment_status":"open","ping_status":"open","sticky":false,"template":"","format":"standard","meta":{"_bbp_topic_count":0,"_bbp_reply_count":0,"_bbp_total_topic_count":0,"_bbp_total_reply_count":0,"_bbp_voice_count":0,"_bbp_anonymous_reply_count":0,"_bbp_topic_count_hidden":0,"_bbp_reply_count_hidden":0,"_bbp_forum_subforum_count":0,"footnotes":""},"categories":[35],"tags":[],"class_list":["post-466757","post","type-post","status-publish","format-standard","has-post-thumbnail","category-economia"],"_links":{"self":[{"href":"https:\/\/primermomento.com\/index.php?rest_route=\/wp\/v2\/posts\/466757","targetHints":{"allow":["GET"]}}],"collection":[{"href":"https:\/\/primermomento.com\/index.php?rest_route=\/wp\/v2\/posts"}],"about":[{"href":"https:\/\/primermomento.com\/index.php?rest_route=\/wp\/v2\/types\/post"}],"author":[{"embeddable":true,"href":"https:\/\/primermomento.com\/index.php?rest_route=\/wp\/v2\/users\/1"}],"replies":[{"embeddable":true,"href":"https:\/\/primermomento.com\/index.php?rest_route=%2Fwp%2Fv2%2Fcomments&post=466757"}],"version-history":[{"count":2,"href":"https:\/\/primermomento.com\/index.php?rest_route=\/wp\/v2\/posts\/466757\/revisions"}],"predecessor-version":[{"id":466759,"href":"https:\/\/primermomento.com\/index.php?rest_route=\/wp\/v2\/posts\/466757\/revisions\/466759"}],"wp:featuredmedia":[{"embeddable":true,"href":"https:\/\/primermomento.com\/index.php?rest_route=\/wp\/v2\/media\/288901"}],"wp:attachment":[{"href":"https:\/\/primermomento.com\/index.php?rest_route=%2Fwp%2Fv2%2Fmedia&parent=466757"}],"wp:term":[{"taxonomy":"category","embeddable":true,"href":"https:\/\/primermomento.com\/index.php?rest_route=%2Fwp%2Fv2%2Fcategories&post=466757"},{"taxonomy":"post_tag","embeddable":true,"href":"https:\/\/primermomento.com\/index.php?rest_route=%2Fwp%2Fv2%2Ftags&post=466757"}],"curies":[{"name":"wp","href":"https:\/\/api.w.org\/{rel}","templated":true}]}}