{"id":472836,"date":"2026-08-30T17:45:56","date_gmt":"2026-08-30T21:45:56","guid":{"rendered":"https:\/\/primermomento.com\/?p=472836"},"modified":"2026-08-30T17:45:56","modified_gmt":"2026-08-30T21:45:56","slug":"presidentes-de-dominicana-y-honduras-por-fortalecimiento-de-vinculos","status":"publish","type":"post","link":"https:\/\/primermomento.com\/?p=472836","title":{"rendered":"Presidentes de Dominicana y Honduras por fortalecimiento de v\u00ednculos"},"content":{"rendered":"<p><strong><em>Por <span style=\"color: #ff0000;\">Prensa Latina<\/span><\/em><\/strong><\/p>\n<p>SANTO DOMINGO, Rep\u00fablica Dominicana.- Los presidentes de Rep\u00fablica Dominicana y Honduras, Luis Abinader y Nasry Asfura Zablah, abordaron hoy aqu\u00ed el fortalecimiento de las relaciones bilaterales y las posibilidades de ampliar la cooperaci\u00f3n entre ambos pa\u00edses.<\/p>\n<div class=\"elementor-element elementor-element-0aea3a0 elementor-widget elementor-widget-theme-post-content\" data-id=\"0aea3a0\" data-element_type=\"widget\" data-e-type=\"widget\" data-widget_type=\"theme-post-content.default\">\n<div class=\"elementor-widget-container\">\n<p>Asfura fue recibido este domingo por Abinader en el Palacio Nacional, como parte de una agenda que incluy\u00f3 adem\u00e1s un recorrido la v\u00edspera por la zona fronteriza dominicana.<\/p>\n<p>Durante su visita a Dajab\u00f3n el s\u00e1bado, el mandatario hondure\u00f1o destac\u00f3 los avances de Rep\u00fablica Dominicana en seguridad fronteriza e industria militar.<\/p>\n<p>Conoci\u00f3 el funcionamiento de la verja perimetral inteligente y las capacidades tecnol\u00f3gicas y militares desarrolladas para la protecci\u00f3n de la frontera.<\/p>\n<p>El gobernante hondure\u00f1o manifest\u00f3 su impresi\u00f3n por las capacidades alcanzadas por la industria militar dominicana, que consider\u00f3 una oportunidad para el fortalecimiento de otros pa\u00edses de la regi\u00f3n.<\/p>\n<p>Abinader, por su parte, expres\u00f3 la disposici\u00f3n de Rep\u00fablica Dominicana de poner sus capacidades y tecnolog\u00eda de la industria militar al servicio de naciones amigas, entre ellas Honduras, como mecanismo de cooperaci\u00f3n para contribuir a la seguridad.<\/p>\n<p>El dignatario dominicano tambi\u00e9n plante\u00f3 la necesidad de continuar fortaleciendo los v\u00ednculos econ\u00f3micos, comerciales y de inversi\u00f3n entre las dos naciones.<\/p>\n<p>Durante el recorrido por la zona fronteriza, el ministro dominicano de Defensa, teniente general Carlos Antonio Fern\u00e1ndez Onofre, inform\u00f3 al visitante que la l\u00ednea divisoria con Hait\u00ed cuenta con unos 55 kil\u00f3metros de verja construidos, de los cuales 38 corresponden a la zona norte, adem\u00e1s de tramos en El\u00edas Pi\u00f1a, Independencia y Pedernales.<\/p>\n<p>Indic\u00f3 que unos 11 mil soldados est\u00e1n desplegados en las diferentes l\u00edneas de defensa y destac\u00f3 el fortalecimiento de la movilidad, vigilancia y patrullaje.<\/p>\n<p>Tambi\u00e9n inform\u00f3 sobre proyectos en ejecuci\u00f3n, entre ellos 14 kil\u00f3metros adicionales de verja perimetral en Jiman\u00ed, nuevos puestos de control fronterizo, puentes, aer\u00f3dromos militares e instalaciones para batallones.<\/p>\n<p>La visita oficial de Asfura, quien inici\u00f3 su mandato en enero de este a\u00f1o, se desarrolla en el contexto del inter\u00e9s de ambos gobiernos por ampliar sus relaciones y explorar nuevas \u00e1reas de cooperaci\u00f3n bilateral.<\/p>\n<\/div>\n<\/div>\n<div class=\"elementor-element elementor-element-4f75016 elementor-widget elementor-widget-post-info\" data-id=\"4f75016\" data-element_type=\"widget\" data-e-type=\"widget\" data-widget_type=\"post-info.default\">\n<div class=\"elementor-widget-container\">\n<ul class=\"elementor-inline-items elementor-icon-list-items elementor-post-info\">\n<li class=\"elementor-icon-list-item elementor-repeater-item-17dda3e elementor-inline-item\"><span class=\"elementor-icon-list-text elementor-post-info__item elementor-post-info__item--type-custom\">#<em><a href=\"https:\/\/primermomento.com\/?p=472836\" rel=\"tag\">Honduras<\/a><\/em><\/span><\/li>\n<\/ul>\n<\/div>\n<\/div>\n","protected":false},"excerpt":{"rendered":"<p>Por Prensa Latina SANTO DOMINGO, Rep\u00fablica Dominicana.- Los presidentes de Rep\u00fablica Dominicana y Honduras, Luis Abinader y Nasry Asfura Zablah, abordaron hoy aqu\u00ed el fortalecimiento de las relaciones bilaterales y las posibilidades de ampliar la cooperaci\u00f3n entre ambos pa\u00edses. Asfura fue recibido este domingo por Abinader en el Palacio Nacional, como parte de una agenda [&hellip;]<\/p>\n","protected":false},"author":1,"featured_media":472837,"comment_status":"open","ping_status":"open","sticky":false,"template":"","format":"standard","meta":{"_bbp_topic_count":0,"_bbp_reply_count":0,"_bbp_total_topic_count":0,"_bbp_total_reply_count":0,"_bbp_voice_count":0,"_bbp_anonymous_reply_count":0,"_bbp_topic_count_hidden":0,"_bbp_reply_count_hidden":0,"_bbp_forum_subforum_count":0,"footnotes":""},"categories":[30],"tags":[],"class_list":["post-472836","post","type-post","status-publish","format-standard","has-post-thumbnail","category-actualidad"],"_links":{"self":[{"href":"https:\/\/primermomento.com\/index.php?rest_route=\/wp\/v2\/posts\/472836","targetHints":{"allow":["GET"]}}],"collection":[{"href":"https:\/\/primermomento.com\/index.php?rest_route=\/wp\/v2\/posts"}],"about":[{"href":"https:\/\/primermomento.com\/index.php?rest_route=\/wp\/v2\/types\/post"}],"author":[{"embeddable":true,"href":"https:\/\/primermomento.com\/index.php?rest_route=\/wp\/v2\/users\/1"}],"replies":[{"embeddable":true,"href":"https:\/\/primermomento.com\/index.php?rest_route=%2Fwp%2Fv2%2Fcomments&post=472836"}],"version-history":[{"count":1,"href":"https:\/\/primermomento.com\/index.php?rest_route=\/wp\/v2\/posts\/472836\/revisions"}],"predecessor-version":[{"id":472838,"href":"https:\/\/primermomento.com\/index.php?rest_route=\/wp\/v2\/posts\/472836\/revisions\/472838"}],"wp:featuredmedia":[{"embeddable":true,"href":"https:\/\/primermomento.com\/index.php?rest_route=\/wp\/v2\/media\/472837"}],"wp:attachment":[{"href":"https:\/\/primermomento.com\/index.php?rest_route=%2Fwp%2Fv2%2Fmedia&parent=472836"}],"wp:term":[{"taxonomy":"category","embeddable":true,"href":"https:\/\/primermomento.com\/index.php?rest_route=%2Fwp%2Fv2%2Fcategories&post=472836"},{"taxonomy":"post_tag","embeddable":true,"href":"https:\/\/primermomento.com\/index.php?rest_route=%2Fwp%2Fv2%2Ftags&post=472836"}],"curies":[{"name":"wp","href":"https:\/\/api.w.org\/{rel}","templated":true}]}}