{"id":472839,"date":"2026-08-30T09:00:54","date_gmt":"2026-08-30T13:00:54","guid":{"rendered":"https:\/\/primermomento.com\/?p=472839"},"modified":"2026-08-30T17:52:22","modified_gmt":"2026-08-30T21:52:22","slug":"aspirante-presidencial-asegura-que-la-unidad-del-pld-esta-garantizada-y-vaticina-victoria-en-octubre","status":"publish","type":"post","link":"https:\/\/primermomento.com\/?p=472839","title":{"rendered":"Aspirante presidencial asegura que \u201cla unidad del PLD est\u00e1 garantizada\u201d y vaticina victoria en octubre"},"content":{"rendered":"<p><strong><em>Por<span style=\"color: #ff0000;\"> Servicios de Primermomento.com<\/span><\/em><\/strong><\/p>\n<p>PEDERNALES, Rep\u00fablica Dominicana.- El aspirante presidencial del Partido de la Liberaci\u00f3n Dominicana (PLD), Francisco Javier Garc\u00eda, asegur\u00f3 que la unidad de esa organizaci\u00f3n pol\u00edtica est\u00e1 garantizada y afirm\u00f3 que existe plena conciencia en su dirigencia sobre la necesidad de fortalecer la institucionalidad partidaria de cara al proceso interno de octubre.<\/p>\n<p>\u201cEn el PLD hay conciencia plena de la importancia institucional. En nuestro partido la unidad est\u00e1 asegurada. Podr\u00e1n existir diferencias, pero el partido de Bosch es protegido por todos y cada uno de sus miembros y dirigentes\u201d, afirm\u00f3 Garc\u00eda.<\/p>\n<p>En Nota de Prensa, el dirigente pelede\u00edsta destac\u00f3 el compromiso mostrado por la militancia y la dirigencia del PLD, al tiempo que reconoci\u00f3 que dentro de la organizaci\u00f3n pueden producirse diferencias propias de un partido democr\u00e1tico.<\/p>\n<p>\u201cHay choquecitos, hay diferencias, propios de este proceso; no obstante, existe plena conciencia en todos los niveles de que unidos fortalecemos el partido e inmediatamente concluya este proceso interno, avanzaremos unidos para convertirnos en el gobierno que recupere el pa\u00eds\u201d, sostuvo.<\/p>\n<p>Garc\u00eda llam\u00f3 a la dirigencia y a la militancia a mantener la unidad y colocar por encima de las diferencias el futuro del PLD y su responsabilidad ante el pa\u00eds.<\/p>\n<p>El veterano dirigente pol\u00edtico afirm\u00f3 que las condiciones est\u00e1n dadas para que el proceso interno de octubre concluya con una victoria, que, seg\u00fan sus proyecciones, lo convertir\u00e1 en el candidato presidencial del partido morado para las elecciones de 2028.<\/p>\n<p>\u201cLas condiciones est\u00e1n dadas y aseguradas para un proceso victorioso el 18 de octubre, que nos convertir\u00e1 en el candidato del Partido de la Liberaci\u00f3n Dominicana y en el pr\u00f3ximo presidente de todos los dominicanos en 2028\u201d, afirm\u00f3 Garc\u00eda en un encuentro con la dirigencia pelede\u00edsta en Oviedo y San Jos\u00e9 de Ocoa este s\u00e1bado.<\/p>\n<p>El aspirante presidencial sostuvo que la fortaleza institucional, la unidad y el compromiso de la dirigencia ser\u00e1n determinantes para que el PLD avance hacia un nuevo ciclo pol\u00edtico y se prepare para recuperar el Gobierno en 2028.<\/p>\n","protected":false},"excerpt":{"rendered":"<p>Por Servicios de Primermomento.com PEDERNALES, Rep\u00fablica Dominicana.- El aspirante presidencial del Partido de la Liberaci\u00f3n Dominicana (PLD), Francisco Javier Garc\u00eda, asegur\u00f3 que la unidad de esa organizaci\u00f3n pol\u00edtica est\u00e1 garantizada y afirm\u00f3 que existe plena conciencia en su dirigencia sobre la necesidad de fortalecer la institucionalidad partidaria de cara al proceso interno de octubre. \u201cEn [&hellip;]<\/p>\n","protected":false},"author":1,"featured_media":472840,"comment_status":"open","ping_status":"open","sticky":false,"template":"","format":"standard","meta":{"_bbp_topic_count":0,"_bbp_reply_count":0,"_bbp_total_topic_count":0,"_bbp_total_reply_count":0,"_bbp_voice_count":0,"_bbp_anonymous_reply_count":0,"_bbp_topic_count_hidden":0,"_bbp_reply_count_hidden":0,"_bbp_forum_subforum_count":0,"footnotes":""},"categories":[31],"tags":[],"class_list":["post-472839","post","type-post","status-publish","format-standard","has-post-thumbnail","category-estados-unidos"],"_links":{"self":[{"href":"https:\/\/primermomento.com\/index.php?rest_route=\/wp\/v2\/posts\/472839","targetHints":{"allow":["GET"]}}],"collection":[{"href":"https:\/\/primermomento.com\/index.php?rest_route=\/wp\/v2\/posts"}],"about":[{"href":"https:\/\/primermomento.com\/index.php?rest_route=\/wp\/v2\/types\/post"}],"author":[{"embeddable":true,"href":"https:\/\/primermomento.com\/index.php?rest_route=\/wp\/v2\/users\/1"}],"replies":[{"embeddable":true,"href":"https:\/\/primermomento.com\/index.php?rest_route=%2Fwp%2Fv2%2Fcomments&post=472839"}],"version-history":[{"count":1,"href":"https:\/\/primermomento.com\/index.php?rest_route=\/wp\/v2\/posts\/472839\/revisions"}],"predecessor-version":[{"id":472841,"href":"https:\/\/primermomento.com\/index.php?rest_route=\/wp\/v2\/posts\/472839\/revisions\/472841"}],"wp:featuredmedia":[{"embeddable":true,"href":"https:\/\/primermomento.com\/index.php?rest_route=\/wp\/v2\/media\/472840"}],"wp:attachment":[{"href":"https:\/\/primermomento.com\/index.php?rest_route=%2Fwp%2Fv2%2Fmedia&parent=472839"}],"wp:term":[{"taxonomy":"category","embeddable":true,"href":"https:\/\/primermomento.com\/index.php?rest_route=%2Fwp%2Fv2%2Fcategories&post=472839"},{"taxonomy":"post_tag","embeddable":true,"href":"https:\/\/primermomento.com\/index.php?rest_route=%2Fwp%2Fv2%2Ftags&post=472839"}],"curies":[{"name":"wp","href":"https:\/\/api.w.org\/{rel}","templated":true}]}}