{"id":472842,"date":"2026-08-30T10:00:26","date_gmt":"2026-08-30T14:00:26","guid":{"rendered":"https:\/\/primermomento.com\/?p=472842"},"modified":"2026-08-30T17:55:12","modified_gmt":"2026-08-30T21:55:12","slug":"sector-externo-de-la-fp-juramenta-estructura-provincial-en-sanchez-ramirez","status":"publish","type":"post","link":"https:\/\/primermomento.com\/?p=472842","title":{"rendered":"Sector externo de la FP juramenta estructura provincial en S\u00e1nchez Ram\u00edrez"},"content":{"rendered":"<p><strong><em>Por <span style=\"color: #ff0000;\">Servicios de Primermomento.com<\/span><\/em><\/strong><\/p>\n<p style=\"font-weight: 400;\">COTU\u00cd, Rep\u00fablica Dominicana.- El Sector Externo de la Fuerza del Pueblo en la provincia S\u00e1nchez Ram\u00edrez present\u00f3 y jurament\u00f3 oficialmente su estructura de coordinaci\u00f3n provincial, encabezada por el agr\u00f3nomo F\u00e9lix V\u00e1squez, como parte del proceso de organizaci\u00f3n y fortalecimiento pol\u00edtico que desarrolla esa entidad en toda la provincia.<\/p>\n<p style=\"font-weight: 400;\">La nueva estructura est\u00e1 integrada por hombres y mujeres provenientes de diferentes sectores sociales y productivos, quienes tendr\u00e1n la responsabilidad de trabajar de manera articulada con m\u00e1s de 200 coordinadores distribuidos en los municipios y distritos municipales de S\u00e1nchez Ram\u00edrez.<\/p>\n<p style=\"font-weight: 400;\">Durante el acto, V\u00e1squez explic\u00f3 que la organizaci\u00f3n continuar\u00e1 concentrando sus esfuerzos en ampliar su presencia territorial, incorporar nuevos ciudadanos, fortalecer las estructuras existentes y respaldar las candidaturas de la Fuerza del Pueblo en los diferentes niveles de elecci\u00f3n.<\/p>\n<p style=\"font-weight: 400;\">\u00abEstamos trabajando para sumar las voluntades y los votos necesarios para que la Fuerza del Pueblo alcance la victoria en las pr\u00f3ximas elecciones y llevemos nuevamente al doctor Leonel Fern\u00e1ndez al Palacio Nacional como presidente de la Rep\u00fablica\u00bb, expres\u00f3.<\/p>\n<p style=\"font-weight: 400;\">El dirigente pol\u00edtico manifest\u00f3 que el Sector Externo mantiene sus puertas abiertas a ciudadanos independientes y personas de buena voluntad que deseen integrarse y aportar sus capacidades al proyecto pol\u00edtico.<\/p>\n<p style=\"font-weight: 400;\">Se\u00f1al\u00f3 que el prop\u00f3sito de la organizaci\u00f3n trasciende la competencia electoral y procura contribuir a crear mejores condiciones de progreso, desarrollo y oportunidades para los habitantes de S\u00e1nchez Ram\u00edrez.<\/p>\n<p style=\"font-weight: 400;\">\u00abEste proyecto no se construye \u00fanicamente para ganar unas elecciones; se construye para transformar la esperanza de nuestra gente en oportunidades y la confianza del pueblo en resultados\u00bb, sostuvo V\u00e1squez.<\/p>\n<p style=\"font-weight: 400;\">Durante la actividad tambi\u00e9n fue presentado formalmente el equipo dirigencial, con sus respectivos cargos y demarcaciones territoriales, cuya lectura estuvo a cargo del doctor Esteban Tiburcio.<\/p>\n","protected":false},"excerpt":{"rendered":"<p>Por Servicios de Primermomento.com COTU\u00cd, Rep\u00fablica Dominicana.- El Sector Externo de la Fuerza del Pueblo en la provincia S\u00e1nchez Ram\u00edrez present\u00f3 y jurament\u00f3 oficialmente su estructura de coordinaci\u00f3n provincial, encabezada por el agr\u00f3nomo F\u00e9lix V\u00e1squez, como parte del proceso de organizaci\u00f3n y fortalecimiento pol\u00edtico que desarrolla esa entidad en toda la provincia. La nueva estructura [&hellip;]<\/p>\n","protected":false},"author":1,"featured_media":472843,"comment_status":"open","ping_status":"open","sticky":false,"template":"","format":"standard","meta":{"_bbp_topic_count":0,"_bbp_reply_count":0,"_bbp_total_topic_count":0,"_bbp_total_reply_count":0,"_bbp_voice_count":0,"_bbp_anonymous_reply_count":0,"_bbp_topic_count_hidden":0,"_bbp_reply_count_hidden":0,"_bbp_forum_subforum_count":0,"footnotes":""},"categories":[31],"tags":[],"class_list":["post-472842","post","type-post","status-publish","format-standard","has-post-thumbnail","category-estados-unidos"],"_links":{"self":[{"href":"https:\/\/primermomento.com\/index.php?rest_route=\/wp\/v2\/posts\/472842","targetHints":{"allow":["GET"]}}],"collection":[{"href":"https:\/\/primermomento.com\/index.php?rest_route=\/wp\/v2\/posts"}],"about":[{"href":"https:\/\/primermomento.com\/index.php?rest_route=\/wp\/v2\/types\/post"}],"author":[{"embeddable":true,"href":"https:\/\/primermomento.com\/index.php?rest_route=\/wp\/v2\/users\/1"}],"replies":[{"embeddable":true,"href":"https:\/\/primermomento.com\/index.php?rest_route=%2Fwp%2Fv2%2Fcomments&post=472842"}],"version-history":[{"count":2,"href":"https:\/\/primermomento.com\/index.php?rest_route=\/wp\/v2\/posts\/472842\/revisions"}],"predecessor-version":[{"id":472845,"href":"https:\/\/primermomento.com\/index.php?rest_route=\/wp\/v2\/posts\/472842\/revisions\/472845"}],"wp:featuredmedia":[{"embeddable":true,"href":"https:\/\/primermomento.com\/index.php?rest_route=\/wp\/v2\/media\/472843"}],"wp:attachment":[{"href":"https:\/\/primermomento.com\/index.php?rest_route=%2Fwp%2Fv2%2Fmedia&parent=472842"}],"wp:term":[{"taxonomy":"category","embeddable":true,"href":"https:\/\/primermomento.com\/index.php?rest_route=%2Fwp%2Fv2%2Fcategories&post=472842"},{"taxonomy":"post_tag","embeddable":true,"href":"https:\/\/primermomento.com\/index.php?rest_route=%2Fwp%2Fv2%2Ftags&post=472842"}],"curies":[{"name":"wp","href":"https:\/\/api.w.org\/{rel}","templated":true}]}}