{"id":472846,"date":"2026-08-30T08:00:16","date_gmt":"2026-08-30T12:00:16","guid":{"rendered":"https:\/\/primermomento.com\/?p=472846"},"modified":"2026-08-30T17:59:49","modified_gmt":"2026-08-30T21:59:49","slug":"segundo-concierto-de-osn-2026-y-la-experiencia-con-jaime-morales-adriana-garcell-y-zvesdana-radojkovid","status":"publish","type":"post","link":"https:\/\/primermomento.com\/?p=472846","title":{"rendered":"Segundo concierto de OSN 2026 y la experiencia  con Jaime Morales, Adriana Garcell y Zvesdana Radojkovid"},"content":{"rendered":"<p style=\"font-weight: 400;\"><strong><em>Por <span style=\"color: #ff0000;\">Jos\u00e9 Rafael Sosa<\/span><\/em><\/strong><\/p>\n<p style=\"font-weight: 400;\">SANTO DOMINGO, Rep\u00fablica Dominicana.- Fue una entrega desbordante de sorpresas est\u00e9ticas: la emotividad del proceso, marcada por una intensa sensibilidad musical; la muestra de valor de las solistas (una cubana y la otra nacida en Serbia, ambas curtidas y perfumadas de dominicanidad por su trayectoria y vida familiar en el pa\u00eds), y la impecable labor de un director puertorrique\u00f1o que hizo gala de su dominio del tiempo y el ritmo.<\/p>\n<p style=\"font-weight: 400;\">Para el com\u00fan del p\u00fablico que acude a los conciertos sinf\u00f3nicos, lo que se disfruta en escena es el resultado de un proceso extenuante, exigente y a veces tir\u00e1nico: meses de ensayos, revisiones interpretativas y agotamiento f\u00edsico y emocional para entregar esos 120 minutos en los que la m\u00fasica trascendente lo es todo, y el aplauso final se convierte en la justa recompensa para los talentos. El milagro ha sido posible; la vivencia de la jornada ha justificado todo el sacrificio.<\/p>\n<p style=\"font-weight: 400;\">La Temporada Sinf\u00f3nica del 85. \u00b0 Aniversario de la Orquesta Sinf\u00f3nica Nacional (OSN) consum\u00f3 su segunda entrega de una forma que jam\u00e1s ser\u00e1 olvidada. Ocurri\u00f3 as\u00ed por los factores tan singulares que la caracterizaron y que se salieron de la norma habitual, comenzando por la ausencia del maestro Jos\u00e9 Antonio Molina, indiscutible referente e inspiraci\u00f3n de nuestra m\u00e1s alta expresi\u00f3n musical.<\/p>\n<p style=\"font-weight: 400;\"><strong>El programa y la producci\u00f3n<\/strong><\/p>\n<p style=\"font-weight: 400;\">El programa de esta segunda entrega incluy\u00f3\u00a0<em>El aprendiz de brujo<\/em>, de Paul Dukas; el\u00a0<em>Concierto para violonchelo n\u00fam. 1<\/em>, de Camille Saint-Sa\u00ebns;\u00a0<em>\u00c9l\u00e9gie<\/em>, de Gabriel Faur\u00e9;\u00a0<em>Capricho espa\u00f1ol, Op. 34<\/em>, de Nikol\u00e1i Rimski-K\u00f3rsakov; y las coloridas\u00a0<em>Suites n\u00fam. 1 y 2<\/em>\u00a0de\u00a0<em>El sombrero de tres picos<\/em>, de Manuel de Falla.<\/p>\n<p style=\"font-weight: 400;\">El evento cont\u00f3 con el patrocinio del Banco Popular Dominicano, Claro y Propag\u00e1s, adem\u00e1s del apoyo de Mira S.R.L., Distribuidora Corripio, Editora Corripio, Divano (Luxury Furniture Rental), Festi&amp;Band, el Hotel El Embajador, la Alcald\u00eda del Distrito Nacional y el Restaurante Cappuccino.<\/p>\n<p style=\"font-weight: 400;\"><strong>La direcci\u00f3n magistral<\/strong><\/p>\n<p style=\"font-weight: 400;\">El director invitado, el maestro puertorrique\u00f1o Jaime Morales-Matos, inici\u00f3 sus estudios en la Escuela Libre de M\u00fasica de San Juan y los perfeccion\u00f3 en Estados Unidos. A diferencia de otros directores, no proviene del viol\u00edn, el violonchelo ni el piano: es trombonista, rol desde el cual destac\u00f3 en las orquestas de Asturias, Galicia y Granada en Espa\u00f1a, as\u00ed como en la Filarm\u00f3nica de Lexington. Ha participado en proyectos de m\u00fasica de c\u00e1mara junto a integrantes de la Filarm\u00f3nica de Nueva York, la Sinf\u00f3nica de Cleveland y la Orquesta de Filadelfia, actuando en Espa\u00f1a, Francia, Alemania, Rep\u00fablica Checa, Rusia, Bulgaria, Ecuador, Venezuela, Puerto Rico y Estados Unidos.<\/p>\n<p style=\"font-weight: 400;\">Morales-Matos demostr\u00f3 un absoluto dominio de la t\u00e9cnica, una profunda compenetraci\u00f3n con sus m\u00fasicos, un sentido gr\u00e1cil y matem\u00e1tico de la relaci\u00f3n tiempo-comp\u00e1s y un criterio riguroso para los silencios y la vivacidad r\u00edtmica. Destac\u00f3 especialmente en\u00a0<em>El aprendiz de brujo<\/em>, obra popularizada mundialmente por el filme animado\u00a0<em>Fantas\u00eda<\/em>\u00a0(1940) de Walt Disney \u2014dirigido en su momento por Leopold Stokowski junto a la Orquesta de Filadelfia\u2014 e inspirado en la balada\u00a0<em>Der Zauberlehrling<\/em>\u00a0(1797) de Goethe.<\/p>\n<p style=\"font-weight: 400;\">El debut de Morales ante el p\u00fablico dominicano se remonta a 2010, cuando dirigi\u00f3 el estreno mundial de\u00a0<em>Garrick<\/em>, de Dante Cucurullo. En 2021, durante la temporada del 80. \u00b0 aniversario de la OSN, regres\u00f3 para dirigir el programa\u00a0<em>Dvo\u0159\u00e1k &amp; Brahms<\/em>, con la violinista Aisha Syed como solista. En esta nueva ocasi\u00f3n, su actuaci\u00f3n al frente de la OSN fue memorable: recorri\u00f3 los pasajes de las obras con detallado conocimiento e intuici\u00f3n. Fue una bendici\u00f3n tenerlo en el podio.<\/p>\n<p style=\"font-weight: 400;\">Como bien se\u00f1al\u00f3 la cr\u00edtica de arte Carmen Heredia en el diario\u00a0<em>Hoy<\/em>, Morales est\u00e1 dotado de una precisi\u00f3n notable en los\u00a0<em>tempi<\/em>, sin caer en aceleraciones innecesarias, extrayendo valiosos matices de la orquesta en piezas de Dukas, Rimski-K\u00f3rsakov y Falla.<\/p>\n<p style=\"font-weight: 400;\"><strong>Adriana Garcell: solidez y entrega<\/strong><\/p>\n<p style=\"font-weight: 400;\">El plato fuerte anunciado era la actuaci\u00f3n solista de la violonchelista cubana Adriana Garcell \u2014integrante de la propia OSN\u2014 en el\u00a0<em>Concierto para violonchelo n\u00fam. 1 en la menor, Op. 33<\/em>, de Saint-Sa\u00ebns. Asumi\u00f3 este gran reto tras semanas de intensa preparaci\u00f3n, entrando en acci\u00f3n a solo segundos del inicio de la pieza para entablar un virtuoso di\u00e1logo con la orquesta.<\/p>\n<p style=\"font-weight: 400;\">Garcell super\u00f3 con firmeza los desaf\u00edos t\u00e9cnicos de una obra exigente en lo f\u00edsico y lo emocional. Su expresividad corporal y facial ofreci\u00f3 material de alto valor para los fot\u00f3grafos presentes. La pieza exige personalidad sonora y resistencia, cualidades que la solista demostr\u00f3 de principio a fin.<\/p>\n<p style=\"font-weight: 400;\">Tras el despliegue de Saint-Sa\u00ebns, Garcell interpret\u00f3 la\u00a0<em>\u00c9l\u00e9gie, Op. 24<\/em>, de Gabriel Faur\u00e9, introduciendo un espacio de recogimiento e intimismo que demand\u00f3 veteran\u00eda, madurez y una gran sensibilidad interpretativa. Ante los euf\u00f3ricos aplausos, regal\u00f3 un\u00a0<em>encore<\/em>\u00a0fuera de programa:\u00a0<em>Cadencia<\/em>, del compositor\u00a0veracruzano\u00a0Calixto M\u00e9ndez, transmitiendo solo la picard\u00eda r\u00edtmica del Caribe.<\/p>\n<p style=\"font-weight: 400;\">Nacida en Cuba e iniciada en la m\u00fasica bajo la tutela de Gladys L\u00f3pez y el maestro Juan Verdera, Garcell se consolid\u00f3 profesionalmente en Rep\u00fablica Dominicana a partir de 2012, tras ingresar al Conservatorio Nacional de M\u00fasica y desempe\u00f1arse como violonchelista principal de la Orquesta Filarm\u00f3nica Juan Pablo Duarte. Hoy, plenamente integrada a la vida dominicana, conform\u00f3 su familia en el pa\u00eds junto a otro instrumentista de la OSN.\u00a0Al finalizar su actuaci\u00f3n, sus dos hijos subieron al escenario a entregarle flores, creando un momento de emotividad que conmovi\u00f3 al auditorio.<\/p>\n<p style=\"font-weight: 400;\"><strong>Zvezdana: la excelencia desde el atril<\/strong><\/p>\n<p style=\"font-weight: 400;\">El concierto no tuvo una, sino dos solistas sobresalientes. El concertino de la OSN, la maestra Zvezdana Radojkovic, asumi\u00f3 el centro de la escena para interpretar el\u00a0<em>Capricho espa\u00f1ol<\/em>, obra donde el brillo sol\u00edstico y la cohesi\u00f3n de las cuerdas son esenciales.<\/p>\n<p style=\"font-weight: 400;\">Radojkovic logr\u00f3 proyectar una l\u00ednea solista brillante sin alterar el equilibrio del tejido colectivo. Super\u00f3 con destreza las exigencias de una partitura donde las entradas deben parecer espont\u00e1neas, pero matem\u00e1ticamente precisas. Nacida y formada en Serbia, sus a\u00f1os de servicio a la m\u00fasica sinf\u00f3nica dominicana y su labor formativa con j\u00f3venes talentos la convierten en una artista profundamente arraigada a nuestra cultura.<\/p>\n<p style=\"font-weight: 400;\"><strong>OSN, la gran protagonista<\/strong><\/p>\n<p style=\"font-weight: 400;\">En este 85. \u00b0 aniversario, el concierto tuvo un significado institucional trascendental: las dos solistas pertenec\u00edan a la propia orquesta. La OSN demostr\u00f3 que posee en sus filas a m\u00fasicos capaces de asumir responsabilidades sol\u00edsticas del m\u00e1s alto nivel, ratificando su madurez, autonom\u00eda y vitalidad art\u00edstica. Ese fue, sin duda, el mensaje m\u00e1s importante de la noche.<\/p>\n","protected":false},"excerpt":{"rendered":"<p>Por Jos\u00e9 Rafael Sosa SANTO DOMINGO, Rep\u00fablica Dominicana.- Fue una entrega desbordante de sorpresas est\u00e9ticas: la emotividad del proceso, marcada por una intensa sensibilidad musical; la muestra de valor de las solistas (una cubana y la otra nacida en Serbia, ambas curtidas y perfumadas de dominicanidad por su trayectoria y vida familiar en el pa\u00eds), [&hellip;]<\/p>\n","protected":false},"author":1,"featured_media":472847,"comment_status":"open","ping_status":"open","sticky":false,"template":"","format":"standard","meta":{"_bbp_topic_count":0,"_bbp_reply_count":0,"_bbp_total_topic_count":0,"_bbp_total_reply_count":0,"_bbp_voice_count":0,"_bbp_anonymous_reply_count":0,"_bbp_topic_count_hidden":0,"_bbp_reply_count_hidden":0,"_bbp_forum_subforum_count":0,"footnotes":""},"categories":[39],"tags":[],"class_list":["post-472846","post","type-post","status-publish","format-standard","has-post-thumbnail","category-entretenimiento"],"_links":{"self":[{"href":"https:\/\/primermomento.com\/index.php?rest_route=\/wp\/v2\/posts\/472846","targetHints":{"allow":["GET"]}}],"collection":[{"href":"https:\/\/primermomento.com\/index.php?rest_route=\/wp\/v2\/posts"}],"about":[{"href":"https:\/\/primermomento.com\/index.php?rest_route=\/wp\/v2\/types\/post"}],"author":[{"embeddable":true,"href":"https:\/\/primermomento.com\/index.php?rest_route=\/wp\/v2\/users\/1"}],"replies":[{"embeddable":true,"href":"https:\/\/primermomento.com\/index.php?rest_route=%2Fwp%2Fv2%2Fcomments&post=472846"}],"version-history":[{"count":1,"href":"https:\/\/primermomento.com\/index.php?rest_route=\/wp\/v2\/posts\/472846\/revisions"}],"predecessor-version":[{"id":472848,"href":"https:\/\/primermomento.com\/index.php?rest_route=\/wp\/v2\/posts\/472846\/revisions\/472848"}],"wp:featuredmedia":[{"embeddable":true,"href":"https:\/\/primermomento.com\/index.php?rest_route=\/wp\/v2\/media\/472847"}],"wp:attachment":[{"href":"https:\/\/primermomento.com\/index.php?rest_route=%2Fwp%2Fv2%2Fmedia&parent=472846"}],"wp:term":[{"taxonomy":"category","embeddable":true,"href":"https:\/\/primermomento.com\/index.php?rest_route=%2Fwp%2Fv2%2Fcategories&post=472846"},{"taxonomy":"post_tag","embeddable":true,"href":"https:\/\/primermomento.com\/index.php?rest_route=%2Fwp%2Fv2%2Ftags&post=472846"}],"curies":[{"name":"wp","href":"https:\/\/api.w.org\/{rel}","templated":true}]}}