{"id":472870,"date":"2026-08-31T13:27:55","date_gmt":"2026-08-31T17:27:55","guid":{"rendered":"https:\/\/primermomento.com\/?p=472870"},"modified":"2026-08-31T13:27:55","modified_gmt":"2026-08-31T17:27:55","slug":"dominicana-aboga-por-respuesta-regional-ante-riesgos-agropecuarios","status":"publish","type":"post","link":"https:\/\/primermomento.com\/?p=472870","title":{"rendered":"Dominicana aboga por respuesta regional ante riesgos agropecuarios"},"content":{"rendered":"<p><strong><em>Por <span style=\"color: #ff0000;\">Prensa Latina<\/span><\/em><\/strong><\/p>\n<p>SANTO DOMINGO, Rep\u00fablica Dominicana.- Rep\u00fablica Dominicana abog\u00f3 por una respuesta regional coordinada para proteger la producci\u00f3n agropecuaria, el abastecimiento de alimentos y el intercambio comercial ante las amenazas sanitarias, inform\u00f3 hoy el Ministerio de Agricultura.<\/p>\n<div class=\"elementor-element elementor-element-0aea3a0 elementor-widget elementor-widget-theme-post-content\" data-id=\"0aea3a0\" data-element_type=\"widget\" data-e-type=\"widget\" data-widget_type=\"theme-post-content.default\">\n<div class=\"elementor-widget-container\">\n<p>El ministro dominicano de Agricultura, Francisco Oliverio Espaillat, destac\u00f3 la importancia de articular esfuerzos entre las naciones para prevenir y controlar enfermedades y plagas que pueden afectar el sector.<\/p>\n<p>Espaillat intervino en la 97 Reuni\u00f3n Extraordinaria del Comit\u00e9 Internacional Regional de Sanidad Agropecuaria (Cirsa), celebrada en Guatemala, donde ministros y autoridades de Agricultura y Ganader\u00eda acordaron fortalecer las acciones conjuntas en materia fito y zoosanitaria.<\/p>\n<p>Las autoridades analizaron los principales desaf\u00edos y coincidieron en la necesidad de establecer respuestas comunes ante riesgos transfronterizos que representan peligros para la producci\u00f3n, el comercio y la seguridad alimentaria.<\/p>\n<p>Durante el encuentro se acord\u00f3 articular esfuerzos para incrementar la prevenci\u00f3n, contenci\u00f3n y control de enfermedades como la peste porcina africana, la marchitez del banano y la influenza aviar.<\/p>\n<p>Asimismo, plantearon avanzar hacia protocolos homologados y consolidar una primera l\u00ednea de defensa regional en puertos, aeropuertos y fronteras terrestres.<\/p>\n<p>El Ministerio de Agricultura dominicano se\u00f1al\u00f3 que la protecci\u00f3n del patrimonio agropecuario no puede abordarse de manera aislada, debido a que las amenazas sanitarias trascienden las fronteras y pueden provocar importantes consecuencias econ\u00f3micas y sociales.<\/p>\n<p>En la reuni\u00f3n participaron representantes de Guatemala, M\u00e9xico, Belice, Honduras, El Salvador, Nicaragua, Costa Rica y Panam\u00e1.<\/p>\n<p>Las autoridades tambi\u00e9n resaltaron la importancia de promover un comercio seguro mediante una mayor coordinaci\u00f3n entre las instituciones nacionales, particularmente ante los efectos clim\u00e1ticos, que a\u00f1aden nuevos desaf\u00edos a la producci\u00f3n y la seguridad alimentaria.<\/p>\n<p>Como parte de la agenda, conocieron el Plan Estrat\u00e9gico 2026-2036 del Organismo Internacional Regional de Sanidad Agropecuaria (Oirsa), orientado a la modernizaci\u00f3n integral del organismo, con \u00e9nfasis en el fortalecimiento t\u00e9cnico-cient\u00edfico, la transformaci\u00f3n digital, una gobernanza m\u00e1s \u00e1gil, la transparencia y la sostenibilidad institucional.<\/p>\n<\/div>\n<\/div>\n<div class=\"elementor-element elementor-element-4f75016 elementor-widget elementor-widget-post-info\" data-id=\"4f75016\" data-element_type=\"widget\" data-e-type=\"widget\" data-widget_type=\"post-info.default\">\n<div class=\"elementor-widget-container\">\n<ul class=\"elementor-inline-items elementor-icon-list-items elementor-post-info\">\n<li class=\"elementor-icon-list-item elementor-repeater-item-17dda3e elementor-inline-item\"><span class=\"elementor-icon-list-text elementor-post-info__item elementor-post-info__item--type-custom\">#<em><a href=\"https:\/\/primermomento.com\/?p=472870\" rel=\"tag\">amenazas<\/a><\/em><\/span><\/li>\n<\/ul>\n<\/div>\n<\/div>\n","protected":false},"excerpt":{"rendered":"<p>Por Prensa Latina SANTO DOMINGO, Rep\u00fablica Dominicana.- Rep\u00fablica Dominicana abog\u00f3 por una respuesta regional coordinada para proteger la producci\u00f3n agropecuaria, el abastecimiento de alimentos y el intercambio comercial ante las amenazas sanitarias, inform\u00f3 hoy el Ministerio de Agricultura. El ministro dominicano de Agricultura, Francisco Oliverio Espaillat, destac\u00f3 la importancia de articular esfuerzos entre las naciones [&hellip;]<\/p>\n","protected":false},"author":1,"featured_media":472623,"comment_status":"open","ping_status":"open","sticky":false,"template":"","format":"standard","meta":{"_bbp_topic_count":0,"_bbp_reply_count":0,"_bbp_total_topic_count":0,"_bbp_total_reply_count":0,"_bbp_voice_count":0,"_bbp_anonymous_reply_count":0,"_bbp_topic_count_hidden":0,"_bbp_reply_count_hidden":0,"_bbp_forum_subforum_count":0,"footnotes":""},"categories":[30],"tags":[],"class_list":["post-472870","post","type-post","status-publish","format-standard","has-post-thumbnail","category-actualidad"],"_links":{"self":[{"href":"https:\/\/primermomento.com\/index.php?rest_route=\/wp\/v2\/posts\/472870","targetHints":{"allow":["GET"]}}],"collection":[{"href":"https:\/\/primermomento.com\/index.php?rest_route=\/wp\/v2\/posts"}],"about":[{"href":"https:\/\/primermomento.com\/index.php?rest_route=\/wp\/v2\/types\/post"}],"author":[{"embeddable":true,"href":"https:\/\/primermomento.com\/index.php?rest_route=\/wp\/v2\/users\/1"}],"replies":[{"embeddable":true,"href":"https:\/\/primermomento.com\/index.php?rest_route=%2Fwp%2Fv2%2Fcomments&post=472870"}],"version-history":[{"count":1,"href":"https:\/\/primermomento.com\/index.php?rest_route=\/wp\/v2\/posts\/472870\/revisions"}],"predecessor-version":[{"id":472871,"href":"https:\/\/primermomento.com\/index.php?rest_route=\/wp\/v2\/posts\/472870\/revisions\/472871"}],"wp:featuredmedia":[{"embeddable":true,"href":"https:\/\/primermomento.com\/index.php?rest_route=\/wp\/v2\/media\/472623"}],"wp:attachment":[{"href":"https:\/\/primermomento.com\/index.php?rest_route=%2Fwp%2Fv2%2Fmedia&parent=472870"}],"wp:term":[{"taxonomy":"category","embeddable":true,"href":"https:\/\/primermomento.com\/index.php?rest_route=%2Fwp%2Fv2%2Fcategories&post=472870"},{"taxonomy":"post_tag","embeddable":true,"href":"https:\/\/primermomento.com\/index.php?rest_route=%2Fwp%2Fv2%2Ftags&post=472870"}],"curies":[{"name":"wp","href":"https:\/\/api.w.org\/{rel}","templated":true}]}}