{"id":472872,"date":"2026-08-31T17:32:29","date_gmt":"2026-08-31T21:32:29","guid":{"rendered":"https:\/\/primermomento.com\/?p=472872"},"modified":"2026-09-01T13:25:28","modified_gmt":"2026-09-01T17:25:28","slug":"dominicana-eleva-alerta-por-lluvias-asociadas-a-activa-onda-tropical","status":"publish","type":"post","link":"https:\/\/primermomento.com\/?p=472872","title":{"rendered":"Dominicana eleva alerta por lluvias asociadas a activa onda tropical"},"content":{"rendered":"<p><strong><em>Por <span style=\"color: #ff0000;\">Prensa Latina<\/span><\/em><\/strong><\/p>\n<p>SANTO DOMINGO, Rep\u00fablica Dominicana.- El Centro de Operaciones de Emergencias (COE) de Rep\u00fablica Dominicana elev\u00f3 hoy a cuatro las provincias bajo alerta amarilla (riesgo medio) y mantiene otras 10 en nivel verde debido a una activa onda tropical.<\/p>\n<div class=\"elementor-element elementor-element-0aea3a0 elementor-widget elementor-widget-theme-post-content\" data-id=\"0aea3a0\" data-element_type=\"widget\" data-e-type=\"widget\" data-widget_type=\"theme-post-content.default\">\n<div class=\"elementor-widget-container\">\n<p>En alerta amarilla debido a la onda asociada a los remanentes de la tormenta tropical Dolly se encuentran Santo Domingo, el Distrito Nacional, San Crist\u00f3bal y Monte Plata, mientras permanecen en nivel verde Saman\u00e1, San Pedro de Macor\u00eds, Hato Mayor, La Romana, El Seibo, La Altagracia, S\u00e1nchez Ram\u00edrez, San Jos\u00e9 de Ocoa, Peravia y Mar\u00eda Trinidad S\u00e1nchez.<\/p>\n<p>En el sistema de prevenci\u00f3n dominicano, la alerta amarilla indica un nivel de peligro importante, que requiere mantenerse atento a las orientaciones de las autoridades y adoptar medidas preventivas ante posibles emergencias.<\/p>\n<p>La verde corresponde a un grado de vigilancia preventiva, ante condiciones que podr\u00edan generar afectaciones y que requieren seguimiento de su evoluci\u00f3n.<\/p>\n<p>En Santo Domingo, capital dominicana, se registran esta tarde lluvias de fuerte intensidad, acompa\u00f1adas en algunos sectores por actividad el\u00e9ctrica.<\/p>\n<p>El COE explic\u00f3 que la onda tropical incrementa la humedad sobre el territorio nacional, mientras se esperan aguaceros, tormentas el\u00e9ctricas y posibles r\u00e1fagas de viento.<\/p>\n<p>Ante estas condiciones, el organismo recomend\u00f3 a la poblaci\u00f3n evitar el cruce de r\u00edos, arroyos y ca\u00f1adas que presenten elevados vol\u00famenes de agua, as\u00ed como abstenerse de utilizar balnearios ubicados en las provincias bajo alerta.<\/p>\n<p>Tambi\u00e9n exhort\u00f3 a identificar previamente rutas de evacuaci\u00f3n y zonas seguras, preparar una mochila de emergencia y mantenerse atentos a la informaci\u00f3n oficial del COE y de las autoridades locales.<\/p>\n<p>El Instituto Dominicano de Meteorolog\u00eda (Indomet) inform\u00f3 que la vaguada que interact\u00faa con la onda tropical se aleja sobre aguas del mar Caribe, pero continuar\u00e1 generando nublados y precipitaciones en diferentes zonas del pa\u00eds.<\/p>\n<p>Las lluvias se concentrar\u00e1n inicialmente en localidades del sureste y nordeste y podr\u00edan intensificarse durante la tarde-noche y extenderse a otras provincias.<\/p>\n<\/div>\n<\/div>\n<div class=\"elementor-element elementor-element-4f75016 elementor-widget elementor-widget-post-info\" data-id=\"4f75016\" data-element_type=\"widget\" data-e-type=\"widget\" data-widget_type=\"post-info.default\">\n<div class=\"elementor-widget-container\">\n<ul class=\"elementor-inline-items elementor-icon-list-items elementor-post-info\">\n<li class=\"elementor-icon-list-item elementor-repeater-item-17dda3e elementor-inline-item\"><em><span class=\"elementor-icon-list-text elementor-post-info__item elementor-post-info__item--type-custom\">#<a href=\"https:\/\/primermomento.com\/?p=472872\" rel=\"tag\">lluvias<\/a>\u00a0#<a href=\"https:\/\/primermomento.com\/?p=472872\" rel=\"tag\">vaguada<\/a><\/span><\/em><\/li>\n<\/ul>\n<\/div>\n<\/div>\n","protected":false},"excerpt":{"rendered":"<p>Por Prensa Latina SANTO DOMINGO, Rep\u00fablica Dominicana.- El Centro de Operaciones de Emergencias (COE) de Rep\u00fablica Dominicana elev\u00f3 hoy a cuatro las provincias bajo alerta amarilla (riesgo medio) y mantiene otras 10 en nivel verde debido a una activa onda tropical. En alerta amarilla debido a la onda asociada a los remanentes de la tormenta [&hellip;]<\/p>\n","protected":false},"author":1,"featured_media":472873,"comment_status":"open","ping_status":"open","sticky":false,"template":"","format":"standard","meta":{"_bbp_topic_count":0,"_bbp_reply_count":0,"_bbp_total_topic_count":0,"_bbp_total_reply_count":0,"_bbp_voice_count":0,"_bbp_anonymous_reply_count":0,"_bbp_topic_count_hidden":0,"_bbp_reply_count_hidden":0,"_bbp_forum_subforum_count":0,"footnotes":""},"categories":[37],"tags":[],"class_list":["post-472872","post","type-post","status-publish","format-standard","has-post-thumbnail","category-ciencia-tecnologia"],"_links":{"self":[{"href":"https:\/\/primermomento.com\/index.php?rest_route=\/wp\/v2\/posts\/472872","targetHints":{"allow":["GET"]}}],"collection":[{"href":"https:\/\/primermomento.com\/index.php?rest_route=\/wp\/v2\/posts"}],"about":[{"href":"https:\/\/primermomento.com\/index.php?rest_route=\/wp\/v2\/types\/post"}],"author":[{"embeddable":true,"href":"https:\/\/primermomento.com\/index.php?rest_route=\/wp\/v2\/users\/1"}],"replies":[{"embeddable":true,"href":"https:\/\/primermomento.com\/index.php?rest_route=%2Fwp%2Fv2%2Fcomments&post=472872"}],"version-history":[{"count":1,"href":"https:\/\/primermomento.com\/index.php?rest_route=\/wp\/v2\/posts\/472872\/revisions"}],"predecessor-version":[{"id":472874,"href":"https:\/\/primermomento.com\/index.php?rest_route=\/wp\/v2\/posts\/472872\/revisions\/472874"}],"wp:featuredmedia":[{"embeddable":true,"href":"https:\/\/primermomento.com\/index.php?rest_route=\/wp\/v2\/media\/472873"}],"wp:attachment":[{"href":"https:\/\/primermomento.com\/index.php?rest_route=%2Fwp%2Fv2%2Fmedia&parent=472872"}],"wp:term":[{"taxonomy":"category","embeddable":true,"href":"https:\/\/primermomento.com\/index.php?rest_route=%2Fwp%2Fv2%2Fcategories&post=472872"},{"taxonomy":"post_tag","embeddable":true,"href":"https:\/\/primermomento.com\/index.php?rest_route=%2Fwp%2Fv2%2Ftags&post=472872"}],"curies":[{"name":"wp","href":"https:\/\/api.w.org\/{rel}","templated":true}]}}