{"id":472875,"date":"2026-08-31T16:35:36","date_gmt":"2026-08-31T20:35:36","guid":{"rendered":"https:\/\/primermomento.com\/?p=472875"},"modified":"2026-09-01T07:32:16","modified_gmt":"2026-09-01T11:32:16","slug":"expresidente-dominicano-advierte-sobre-impacto-del-costo-de-la-vida","status":"publish","type":"post","link":"https:\/\/primermomento.com\/?p=472875","title":{"rendered":"Expresidente dominicano advierte sobre impacto del costo de la vida"},"content":{"rendered":"<p><strong><em>Por <span style=\"color: #ff0000;\">Prensa Latina<\/span><\/em><\/strong><\/p>\n<p>SANTO DOMINGO, Rep\u00fablica Dominicana.- El expresidente dominicano Leonel Fern\u00e1ndez advirti\u00f3 hoy que el encarecimiento sostenido de bienes y servicios b\u00e1sicos reduce el poder adquisitivo de las familias y comienza a afectar el comercio en el pa\u00eds.<\/p>\n<p>Fern\u00e1ndez sostuvo que los negocios enfrentan una disminuci\u00f3n de las ventas, cierres y dificultades financieras.<\/p>\n<p>El tambi\u00e9n presidente del opositor partido Fuerza del Pueblo manifest\u00f3 que el costo de la canasta b\u00e1sica pas\u00f3 de unos 28 mil pesos (unos 475 d\u00f3lares) en 2020 a alrededor de 49 mil pesos (832 d\u00f3lares) en la actualidad, mientras los salarios no aumentan en igual proporci\u00f3n.<\/p>\n<p>Se\u00f1al\u00f3 que esa brecha obliga a las familias a destinar una mayor parte de sus ingresos a la alimentaci\u00f3n y otros gastos esenciales, lo que disminuye los recursos disponibles para la compra de productos y servicios.<\/p>\n<p>Asimismo, alert\u00f3 sobre las dificultades que genera el incremento de los precios de los alimentos para algunos hogares, que ven limitada su posibilidad de mantener una dieta balanceada.<\/p>\n","protected":false},"excerpt":{"rendered":"<p>Por Prensa Latina SANTO DOMINGO, Rep\u00fablica Dominicana.- El expresidente dominicano Leonel Fern\u00e1ndez advirti\u00f3 hoy que el encarecimiento sostenido de bienes y servicios b\u00e1sicos reduce el poder adquisitivo de las familias y comienza a afectar el comercio en el pa\u00eds. Fern\u00e1ndez sostuvo que los negocios enfrentan una disminuci\u00f3n de las ventas, cierres y dificultades financieras. El [&hellip;]<\/p>\n","protected":false},"author":1,"featured_media":423006,"comment_status":"open","ping_status":"open","sticky":false,"template":"","format":"standard","meta":{"_bbp_topic_count":0,"_bbp_reply_count":0,"_bbp_total_topic_count":0,"_bbp_total_reply_count":0,"_bbp_voice_count":0,"_bbp_anonymous_reply_count":0,"_bbp_topic_count_hidden":0,"_bbp_reply_count_hidden":0,"_bbp_forum_subforum_count":0,"footnotes":""},"categories":[31],"tags":[],"class_list":["post-472875","post","type-post","status-publish","format-standard","has-post-thumbnail","category-estados-unidos"],"_links":{"self":[{"href":"https:\/\/primermomento.com\/index.php?rest_route=\/wp\/v2\/posts\/472875","targetHints":{"allow":["GET"]}}],"collection":[{"href":"https:\/\/primermomento.com\/index.php?rest_route=\/wp\/v2\/posts"}],"about":[{"href":"https:\/\/primermomento.com\/index.php?rest_route=\/wp\/v2\/types\/post"}],"author":[{"embeddable":true,"href":"https:\/\/primermomento.com\/index.php?rest_route=\/wp\/v2\/users\/1"}],"replies":[{"embeddable":true,"href":"https:\/\/primermomento.com\/index.php?rest_route=%2Fwp%2Fv2%2Fcomments&post=472875"}],"version-history":[{"count":1,"href":"https:\/\/primermomento.com\/index.php?rest_route=\/wp\/v2\/posts\/472875\/revisions"}],"predecessor-version":[{"id":472876,"href":"https:\/\/primermomento.com\/index.php?rest_route=\/wp\/v2\/posts\/472875\/revisions\/472876"}],"wp:featuredmedia":[{"embeddable":true,"href":"https:\/\/primermomento.com\/index.php?rest_route=\/wp\/v2\/media\/423006"}],"wp:attachment":[{"href":"https:\/\/primermomento.com\/index.php?rest_route=%2Fwp%2Fv2%2Fmedia&parent=472875"}],"wp:term":[{"taxonomy":"category","embeddable":true,"href":"https:\/\/primermomento.com\/index.php?rest_route=%2Fwp%2Fv2%2Fcategories&post=472875"},{"taxonomy":"post_tag","embeddable":true,"href":"https:\/\/primermomento.com\/index.php?rest_route=%2Fwp%2Fv2%2Ftags&post=472875"}],"curies":[{"name":"wp","href":"https:\/\/api.w.org\/{rel}","templated":true}]}}