{"id":472878,"date":"2026-08-31T10:15:32","date_gmt":"2026-08-31T14:15:32","guid":{"rendered":"https:\/\/primermomento.com\/?p=472878"},"modified":"2026-09-01T07:18:50","modified_gmt":"2026-09-01T11:18:50","slug":"iran-anuncia-ataques-contra-blancos-de-eeuu-en-jordania-y-emiratos-arabes-unidos","status":"publish","type":"post","link":"https:\/\/primermomento.com\/?p=472878","title":{"rendered":"Ir\u00e1n anuncia ataques contra blancos de EEUU en Jordania y Emiratos \u00c1rabes Unidos"},"content":{"rendered":"<div>\n<p><iframe loading=\"lazy\" title=\"Ir\u00e1n lanza ataques contra Jordania despu\u00e9s de que Estados Unidos atacara una isla en Ormuz\" width=\"696\" height=\"392\" src=\"https:\/\/www.youtube.com\/embed\/_cO_phbAB1Q?start=4&amp;feature=oembed\" frameborder=\"0\" allow=\"accelerometer; autoplay; clipboard-write; encrypted-media; gyroscope; picture-in-picture; web-share\" referrerpolicy=\"strict-origin-when-cross-origin\" allowfullscreen><\/iframe><\/p>\n<\/div>\n<div class=\"elementor-element elementor-element-6de1b51f elementor-widget elementor-widget-theme-post-excerpt\" data-id=\"6de1b51f\" data-element_type=\"widget\" data-e-type=\"widget\" data-widget_type=\"theme-post-excerpt.default\">\n<div><em><strong>Por <span style=\"color: #ff0000;\">Prensa Latina<\/span><\/strong><\/em><\/div>\n<div><\/div>\n<div class=\"elementor-widget-container\">Teher\u00e1n, IR\u00c1N.- Ir\u00e1n anunci\u00f3 hoy ataques con misiles y drones contra posiciones que atribuy\u00f3 a fuerzas estadounidenses en Jordania y Emiratos \u00c1rabes Unidos, en represalia por una operaci\u00f3n de Washington contra la isla iran\u00ed de Larak.<\/div>\n<div><\/div>\n<div>\n<div class=\"elementor-element elementor-element-761416c0 elementor-widget elementor-widget-theme-post-content\" data-id=\"761416c0\" data-element_type=\"widget\" data-e-type=\"widget\" data-widget_type=\"theme-post-content.default\">\n<div class=\"elementor-widget-container\">\n<p>El Ej\u00e9rcito iran\u00ed inform\u00f3, seg\u00fan medios oficiales, que lanz\u00f3 decenas de drones contra activos militares estadounidenses en la base a\u00e9rea de Al Minhad, al sur de Dub\u00e1i, as\u00ed como contra helipuertos y otras posiciones.<\/p>\n<p><img loading=\"lazy\" decoding=\"async\" class=\"size-medium wp-image-472879 alignleft\" src=\"https:\/\/primermomento.com\/wp-content\/uploads\/2026\/08\/ataques-iranies-300x169.jpeg\" alt=\"\" width=\"300\" height=\"169\" srcset=\"https:\/\/primermomento.com\/wp-content\/uploads\/2026\/08\/ataques-iranies-300x169.jpeg 300w, https:\/\/primermomento.com\/wp-content\/uploads\/2026\/08\/ataques-iranies-1024x576.jpeg 1024w, https:\/\/primermomento.com\/wp-content\/uploads\/2026\/08\/ataques-iranies-768x432.jpeg 768w, https:\/\/primermomento.com\/wp-content\/uploads\/2026\/08\/ataques-iranies-696x392.jpeg 696w, https:\/\/primermomento.com\/wp-content\/uploads\/2026\/08\/ataques-iranies-1068x601.jpeg 1068w, https:\/\/primermomento.com\/wp-content\/uploads\/2026\/08\/ataques-iranies.jpeg 1200w\" sizes=\"auto, (max-width: 300px) 100vw, 300px\" \/>Sin embargo, el Ministerio de Defensa emirat\u00ed neg\u00f3 que esa instalaci\u00f3n hubiera sido alcanzada por misiles y calific\u00f3 de falsas las informaciones difundidas al respecto.<\/p>\n<p>Abu Dabi s\u00ed confirm\u00f3 que sus fuerzas interceptaron un dron procedente de Ir\u00e1n sobre aguas territoriales y asegur\u00f3 que sus sistemas de defensa mantienen vigilancia permanente del espacio a\u00e9reo.<\/p>\n<p>Por su parte, el Cuerpo de Guardianes de la Revoluci\u00f3n Isl\u00e1mica (CGRI) afirm\u00f3 haber atacado con misiles y drones instalaciones en las bases Rey Hussein y Al-Azraq, en Jordania, donde, seg\u00fan Teher\u00e1n, operan fuerzas estadounidenses.<\/p>\n<p>La fuerza iran\u00ed asegur\u00f3 haber alcanzado infraestructura t\u00e9cnica, hangares y \u00e1reas de mantenimiento, aunque hasta el momento no existe confirmaci\u00f3n independiente de los da\u00f1os reivindicados.<\/p>\n<p>Durante la madrugada, las Fuerzas Armadas jordanas informaron que sus sistemas de defensa a\u00e9rea interceptaron y destruyeron ocho misiles que penetraron en el espacio a\u00e9reo del reino.<\/p>\n<p>El comunicado oficial no precis\u00f3 el origen ni los objetivos de los proyectiles, pero se\u00f1al\u00f3 que fueron neutralizados antes de representar una amenaza para la poblaci\u00f3n o las propiedades.<\/p>\n<p>Teher\u00e1n afirm\u00f3 que las acciones constituyeron una respuesta al ataque estadounidense del domingo contra posiciones iran\u00edes en la isla de Larak, situada en el estrecho de Ormuz.<\/p>\n<p>Washington indic\u00f3 que la operaci\u00f3n tuvo como blanco dos lanzadores vinculados, seg\u00fan su versi\u00f3n, con preparativos para colocar minas mar\u00edtimas en esa estrat\u00e9gica v\u00eda de navegaci\u00f3n.<\/p>\n<p>Ir\u00e1n denunci\u00f3 el ataque como una violaci\u00f3n de su soberan\u00eda y comunic\u00f3 la existencia de muertos y heridos entre militares y civiles.<\/p>\n<p>El nuevo intercambio de ataques constituye la primera escalada significativa entre Estados Unidos e Ir\u00e1n en m\u00e1s de un mes y vuelve a elevar las tensiones en torno al estrecho de Ormuz, ruta clave para el transporte internacional de petr\u00f3leo.<\/p>\n<\/div>\n<\/div>\n<div class=\"elementor-element elementor-element-249c6ba6 elementor-widget elementor-widget-post-info\" data-id=\"249c6ba6\" data-element_type=\"widget\" data-e-type=\"widget\" data-widget_type=\"post-info.default\">\n<div class=\"elementor-widget-container\">\n<ul class=\"elementor-inline-items elementor-icon-list-items elementor-post-info\">\n<li class=\"elementor-icon-list-item elementor-repeater-item-170494c elementor-inline-item\"><em><span class=\"elementor-icon-list-text elementor-post-info__item elementor-post-info__item--type-custom\">#<a href=\"https:\/\/primermomento.com\/?p=472878\" rel=\"tag\">eau<\/a>\u00a0#<a href=\"https:\/\/primermomento.com\/?p=472878\" rel=\"tag\">eeuu<\/a>\u00a0#<a href=\"https:\/\/primermomento.com\/?p=472878\" rel=\"tag\">jordania<\/a><\/span><\/em><\/li>\n<\/ul>\n<\/div>\n<\/div>\n<\/div>\n<\/div>\n","protected":false},"excerpt":{"rendered":"<p>Por Prensa Latina Teher\u00e1n, IR\u00c1N.- Ir\u00e1n anunci\u00f3 hoy ataques con misiles y drones contra posiciones que atribuy\u00f3 a fuerzas estadounidenses en Jordania y Emiratos \u00c1rabes Unidos, en represalia por una operaci\u00f3n de Washington contra la isla iran\u00ed de Larak. El Ej\u00e9rcito iran\u00ed inform\u00f3, seg\u00fan medios oficiales, que lanz\u00f3 decenas de drones contra activos militares estadounidenses [&hellip;]<\/p>\n","protected":false},"author":1,"featured_media":472879,"comment_status":"open","ping_status":"open","sticky":false,"template":"","format":"video","meta":{"_bbp_topic_count":0,"_bbp_reply_count":0,"_bbp_total_topic_count":0,"_bbp_total_reply_count":0,"_bbp_voice_count":0,"_bbp_anonymous_reply_count":0,"_bbp_topic_count_hidden":0,"_bbp_reply_count_hidden":0,"_bbp_forum_subforum_count":0,"footnotes":""},"categories":[61,106],"tags":[],"class_list":["post-472878","post","type-post","status-publish","format-video","has-post-thumbnail","category-mundo","category-video-news","post_format-post-format-video"],"_links":{"self":[{"href":"https:\/\/primermomento.com\/index.php?rest_route=\/wp\/v2\/posts\/472878","targetHints":{"allow":["GET"]}}],"collection":[{"href":"https:\/\/primermomento.com\/index.php?rest_route=\/wp\/v2\/posts"}],"about":[{"href":"https:\/\/primermomento.com\/index.php?rest_route=\/wp\/v2\/types\/post"}],"author":[{"embeddable":true,"href":"https:\/\/primermomento.com\/index.php?rest_route=\/wp\/v2\/users\/1"}],"replies":[{"embeddable":true,"href":"https:\/\/primermomento.com\/index.php?rest_route=%2Fwp%2Fv2%2Fcomments&post=472878"}],"version-history":[{"count":3,"href":"https:\/\/primermomento.com\/index.php?rest_route=\/wp\/v2\/posts\/472878\/revisions"}],"predecessor-version":[{"id":472920,"href":"https:\/\/primermomento.com\/index.php?rest_route=\/wp\/v2\/posts\/472878\/revisions\/472920"}],"wp:featuredmedia":[{"embeddable":true,"href":"https:\/\/primermomento.com\/index.php?rest_route=\/wp\/v2\/media\/472879"}],"wp:attachment":[{"href":"https:\/\/primermomento.com\/index.php?rest_route=%2Fwp%2Fv2%2Fmedia&parent=472878"}],"wp:term":[{"taxonomy":"category","embeddable":true,"href":"https:\/\/primermomento.com\/index.php?rest_route=%2Fwp%2Fv2%2Fcategories&post=472878"},{"taxonomy":"post_tag","embeddable":true,"href":"https:\/\/primermomento.com\/index.php?rest_route=%2Fwp%2Fv2%2Ftags&post=472878"}],"curies":[{"name":"wp","href":"https:\/\/api.w.org\/{rel}","templated":true}]}}