{"id":472882,"date":"2026-08-31T10:18:01","date_gmt":"2026-08-31T14:18:01","guid":{"rendered":"https:\/\/primermomento.com\/?p=472882"},"modified":"2026-08-31T17:45:32","modified_gmt":"2026-08-31T21:45:32","slug":"iran-desmiente-ataque-contra-kharg-y-asegura-que-situacion-es-normal","status":"publish","type":"post","link":"https:\/\/primermomento.com\/?p=472882","title":{"rendered":"Ir\u00e1n desmiente ataque contra Kharg y asegura que situaci\u00f3n es normal"},"content":{"rendered":"<p><strong><em>Por <span style=\"color: #ff0000;\">Prensa Latina<\/span><\/em><\/strong><\/p>\n<p>Teher\u00e1n, IR\u00c1N.- La Compa\u00f1\u00eda Nacional Iran\u00ed de Petr\u00f3leo (NIOC) desminti\u00f3 hoy que la estrat\u00e9gica isla de Kharg est\u00e9 siendo bombardeada y asegur\u00f3 que la situaci\u00f3n all\u00ed permanece tranquila y las operaciones petroleras contin\u00faan con normalidad.<\/p>\n<div class=\"elementor-element elementor-element-761416c0 elementor-widget elementor-widget-theme-post-content\" data-id=\"761416c0\" data-element_type=\"widget\" data-e-type=\"widget\" data-widget_type=\"theme-post-content.default\">\n<div class=\"elementor-widget-container\">\n<p>El director ejecutivo de la empresa estatal, Hamid Bovard, calific\u00f3 de rid\u00edculas las publicaciones del presidente estadounidense, Donald Trump, sobre una supuesta destrucci\u00f3n de la isla.<\/p>\n<p>\u201cLa situaci\u00f3n en Kharg est\u00e1 tranquila y normal\u201d, afirm\u00f3 el funcionario, citado por medios iran\u00edes.<\/p>\n<p>Bovard se\u00f1al\u00f3 que las actividades petroleras no se han interrumpido y que los equipos t\u00e9cnicos trabajan en la reparaci\u00f3n de da\u00f1os anteriores y en labores de modernizaci\u00f3n de las instalaciones.<\/p>\n<p>Trump difundi\u00f3 en su plataforma Truth Social dos videos generados mediante inteligencia artificial que mostraban explosiones en instalaciones petroleras y escribi\u00f3 que la isla de Kharg estaba siendo \u201creducida a escombros\u201d.<\/p>\n<p>Sin embargo, varias horas despu\u00e9s de la publicaci\u00f3n no exist\u00edan evidencias de un ataque contra ese enclave, y ni la Casa Blanca ni el Departamento de Defensa estadounidense confirmaron una operaci\u00f3n militar all\u00ed.<\/p>\n<p>La ofensiva norteamericana confirmada el domingo tuvo como blanco dos lanzadores iran\u00edes en la isla de Larak, situada en el estrecho de Ormuz y distinta de Kharg.<\/p>\n<p>Kharg constituye uno de los principales centros de la industria petrolera iran\u00ed y antes de la actual confrontaci\u00f3n canalizaba cerca del 90 por ciento de las exportaciones de crudo del pa\u00eds.<\/p>\n<p>La publicaci\u00f3n de Trump aflor\u00f3 en medio de una nueva escalada entre Washington y Teher\u00e1n, despu\u00e9s del ataque estadounidense contra Larak y las posteriores represalias iran\u00edes contra objetivos que Teher\u00e1n atribuy\u00f3 a fuerzas norteamericanas en Jordania y Emiratos \u00c1rabes Unidos.<\/p>\n<\/div>\n<\/div>\n<div class=\"elementor-element elementor-element-249c6ba6 elementor-widget elementor-widget-post-info\" data-id=\"249c6ba6\" data-element_type=\"widget\" data-e-type=\"widget\" data-widget_type=\"post-info.default\">\n<div class=\"elementor-widget-container\">\n<ul class=\"elementor-inline-items elementor-icon-list-items elementor-post-info\">\n<li class=\"elementor-icon-list-item elementor-repeater-item-170494c elementor-inline-item\"><span class=\"elementor-icon-list-text elementor-post-info__item elementor-post-info__item--type-custom\">#<em><a href=\"https:\/\/primermomento.com\/?p=472882\" rel=\"tag\">eeuu<\/a><\/em><\/span><\/li>\n<\/ul>\n<\/div>\n<\/div>\n","protected":false},"excerpt":{"rendered":"<p>Por Prensa Latina Teher\u00e1n, IR\u00c1N.- La Compa\u00f1\u00eda Nacional Iran\u00ed de Petr\u00f3leo (NIOC) desminti\u00f3 hoy que la estrat\u00e9gica isla de Kharg est\u00e9 siendo bombardeada y asegur\u00f3 que la situaci\u00f3n all\u00ed permanece tranquila y las operaciones petroleras contin\u00faan con normalidad. El director ejecutivo de la empresa estatal, Hamid Bovard, calific\u00f3 de rid\u00edculas las publicaciones del presidente estadounidense, [&hellip;]<\/p>\n","protected":false},"author":1,"featured_media":472883,"comment_status":"open","ping_status":"open","sticky":false,"template":"","format":"standard","meta":{"_bbp_topic_count":0,"_bbp_reply_count":0,"_bbp_total_topic_count":0,"_bbp_total_reply_count":0,"_bbp_voice_count":0,"_bbp_anonymous_reply_count":0,"_bbp_topic_count_hidden":0,"_bbp_reply_count_hidden":0,"_bbp_forum_subforum_count":0,"footnotes":""},"categories":[61],"tags":[],"class_list":["post-472882","post","type-post","status-publish","format-standard","has-post-thumbnail","category-mundo"],"_links":{"self":[{"href":"https:\/\/primermomento.com\/index.php?rest_route=\/wp\/v2\/posts\/472882","targetHints":{"allow":["GET"]}}],"collection":[{"href":"https:\/\/primermomento.com\/index.php?rest_route=\/wp\/v2\/posts"}],"about":[{"href":"https:\/\/primermomento.com\/index.php?rest_route=\/wp\/v2\/types\/post"}],"author":[{"embeddable":true,"href":"https:\/\/primermomento.com\/index.php?rest_route=\/wp\/v2\/users\/1"}],"replies":[{"embeddable":true,"href":"https:\/\/primermomento.com\/index.php?rest_route=%2Fwp%2Fv2%2Fcomments&post=472882"}],"version-history":[{"count":1,"href":"https:\/\/primermomento.com\/index.php?rest_route=\/wp\/v2\/posts\/472882\/revisions"}],"predecessor-version":[{"id":472884,"href":"https:\/\/primermomento.com\/index.php?rest_route=\/wp\/v2\/posts\/472882\/revisions\/472884"}],"wp:featuredmedia":[{"embeddable":true,"href":"https:\/\/primermomento.com\/index.php?rest_route=\/wp\/v2\/media\/472883"}],"wp:attachment":[{"href":"https:\/\/primermomento.com\/index.php?rest_route=%2Fwp%2Fv2%2Fmedia&parent=472882"}],"wp:term":[{"taxonomy":"category","embeddable":true,"href":"https:\/\/primermomento.com\/index.php?rest_route=%2Fwp%2Fv2%2Fcategories&post=472882"},{"taxonomy":"post_tag","embeddable":true,"href":"https:\/\/primermomento.com\/index.php?rest_route=%2Fwp%2Fv2%2Ftags&post=472882"}],"curies":[{"name":"wp","href":"https:\/\/api.w.org\/{rel}","templated":true}]}}