{"id":472885,"date":"2026-08-31T10:21:46","date_gmt":"2026-08-31T14:21:46","guid":{"rendered":"https:\/\/primermomento.com\/?p=472885"},"modified":"2026-08-31T17:48:51","modified_gmt":"2026-08-31T21:48:51","slug":"emiratos-arabes-unidos-pide-enfoque-realista-para-superar-crisis-entre-eeuu-e-iran","status":"publish","type":"post","link":"https:\/\/primermomento.com\/?p=472885","title":{"rendered":"Emiratos \u00c1rabes Unidos pide enfoque realista para superar crisis entre EEUU e Ir\u00e1n"},"content":{"rendered":"<p><strong><em>Por <span style=\"color: #ff0000;\">Prensa Latina<\/span><\/em><\/strong><\/p>\n<p>Abu Dabi, EMIRATOS \u00c1RABES UNIDOS.- Emiratos \u00c1rabes Unidos reclam\u00f3 hoy soluciones pol\u00edticas m\u00e1s realistas y sostenibles para superar la crisis regional entre Estados Unidos e Ir\u00e1n, y consider\u00f3 insuficiente el memorando de entendimiento alcanzado anteriormente por ambas partes.<\/p>\n<div class=\"elementor-element elementor-element-0aea3a0 elementor-widget elementor-widget-theme-post-content\" data-id=\"0aea3a0\" data-element_type=\"widget\" data-e-type=\"widget\" data-widget_type=\"theme-post-content.default\">\n<div class=\"elementor-widget-container\">\n<p>El asesor diplom\u00e1tico del presidente emirat\u00ed, Anwar Gargash, afirm\u00f3 en la red social X que una situaci\u00f3n de \u201cni guerra ni paz\u201d no puede constituir una soluci\u00f3n sostenible para Oriente Medio.<\/p>\n<p>A\u00f1adi\u00f3 que la pol\u00edtica de atacar a los pa\u00edses \u00e1rabes del Golfo y a Jordania \u201cha demostrado su fracaso\u201d, tras la nueva escalada militar registrada este lunes.<\/p>\n<p>Seg\u00fan Gargash, la salida debe pasar por soluciones pol\u00edticas capaces de abordar simult\u00e1neamente las dimensiones econ\u00f3micas y pol\u00edticas de la crisis.<\/p>\n<p>El diplom\u00e1tico se\u00f1al\u00f3 que ese proceso debe comenzar con la reducci\u00f3n de las tensiones y el restablecimiento de la navegaci\u00f3n normal a trav\u00e9s del estrecho de Ormuz.<\/p>\n<p>Asimismo, pidi\u00f3 avanzar hacia \u201cun enfoque m\u00e1s realista\u201d que supere el memorando de entendimiento previo, al considerar que ese instrumento no consigui\u00f3 establecer una hoja de ruta pr\u00e1ctica y aceptable.<\/p>\n<p>Las declaraciones se produjeron despu\u00e9s de un nuevo intercambio de ataques entre Washington y Teher\u00e1n.<\/p>\n<p>Ir\u00e1n anunci\u00f3 durante la madrugada operaciones con misiles y drones contra instalaciones que atribuy\u00f3 a fuerzas estadounidenses en Jordania y Emiratos \u00c1rabes Unidos, en represalia por un ataque de Estados Unidos contra posiciones iran\u00edes en la isla de Larak, pr\u00f3xima al estrecho de Ormuz.<\/p>\n<p>Abu Dabi neg\u00f3 que la base a\u00e9rea de Al Minhad hubiera sido alcanzada por misiles, aunque confirm\u00f3 la interceptaci\u00f3n de un dron procedente de Ir\u00e1n sobre sus aguas territoriales.<\/p>\n<p>Por su parte, las Fuerzas Armadas jordanas informaron de la interceptaci\u00f3n de ocho misiles que penetraron en el espacio a\u00e9reo del reino.<\/p>\n<p>Gargash ya hab\u00eda advertido a comienzos de agosto que Oriente Medio no pod\u00eda permanecer indefinidamente en una situaci\u00f3n de ausencia de guerra abierta pero sin una paz estable, y hab\u00eda reclamado una direcci\u00f3n pol\u00edtica clara para garantizar la estabilidad regional.<\/p>\n<\/div>\n<\/div>\n<div class=\"elementor-element elementor-element-4f75016 elementor-widget elementor-widget-post-info\" data-id=\"4f75016\" data-element_type=\"widget\" data-e-type=\"widget\" data-widget_type=\"post-info.default\">\n<div class=\"elementor-widget-container\">\n<ul class=\"elementor-inline-items elementor-icon-list-items elementor-post-info\">\n<li class=\"elementor-icon-list-item elementor-repeater-item-17dda3e elementor-inline-item\"><em><span class=\"elementor-icon-list-text elementor-post-info__item elementor-post-info__item--type-custom\">#<a href=\"https:\/\/primermomento.com\/?p=472885\" rel=\"tag\">eau<\/a>\u00a0#<a href=\"https:\/\/primermomento.com\/?p=472885\" rel=\"tag\">eeuu<\/a>\u00a0#<a href=\"https:\/\/primermomento.com\/?p=472885\" rel=\"tag\">iran<\/a><\/span><\/em><\/li>\n<\/ul>\n<\/div>\n<\/div>\n","protected":false},"excerpt":{"rendered":"<p>Por Prensa Latina Abu Dabi, EMIRATOS \u00c1RABES UNIDOS.- Emiratos \u00c1rabes Unidos reclam\u00f3 hoy soluciones pol\u00edticas m\u00e1s realistas y sostenibles para superar la crisis regional entre Estados Unidos e Ir\u00e1n, y consider\u00f3 insuficiente el memorando de entendimiento alcanzado anteriormente por ambas partes. El asesor diplom\u00e1tico del presidente emirat\u00ed, Anwar Gargash, afirm\u00f3 en la red social X [&hellip;]<\/p>\n","protected":false},"author":1,"featured_media":472886,"comment_status":"open","ping_status":"open","sticky":false,"template":"","format":"standard","meta":{"_bbp_topic_count":0,"_bbp_reply_count":0,"_bbp_total_topic_count":0,"_bbp_total_reply_count":0,"_bbp_voice_count":0,"_bbp_anonymous_reply_count":0,"_bbp_topic_count_hidden":0,"_bbp_reply_count_hidden":0,"_bbp_forum_subforum_count":0,"footnotes":""},"categories":[61],"tags":[],"class_list":["post-472885","post","type-post","status-publish","format-standard","has-post-thumbnail","category-mundo"],"_links":{"self":[{"href":"https:\/\/primermomento.com\/index.php?rest_route=\/wp\/v2\/posts\/472885","targetHints":{"allow":["GET"]}}],"collection":[{"href":"https:\/\/primermomento.com\/index.php?rest_route=\/wp\/v2\/posts"}],"about":[{"href":"https:\/\/primermomento.com\/index.php?rest_route=\/wp\/v2\/types\/post"}],"author":[{"embeddable":true,"href":"https:\/\/primermomento.com\/index.php?rest_route=\/wp\/v2\/users\/1"}],"replies":[{"embeddable":true,"href":"https:\/\/primermomento.com\/index.php?rest_route=%2Fwp%2Fv2%2Fcomments&post=472885"}],"version-history":[{"count":1,"href":"https:\/\/primermomento.com\/index.php?rest_route=\/wp\/v2\/posts\/472885\/revisions"}],"predecessor-version":[{"id":472887,"href":"https:\/\/primermomento.com\/index.php?rest_route=\/wp\/v2\/posts\/472885\/revisions\/472887"}],"wp:featuredmedia":[{"embeddable":true,"href":"https:\/\/primermomento.com\/index.php?rest_route=\/wp\/v2\/media\/472886"}],"wp:attachment":[{"href":"https:\/\/primermomento.com\/index.php?rest_route=%2Fwp%2Fv2%2Fmedia&parent=472885"}],"wp:term":[{"taxonomy":"category","embeddable":true,"href":"https:\/\/primermomento.com\/index.php?rest_route=%2Fwp%2Fv2%2Fcategories&post=472885"},{"taxonomy":"post_tag","embeddable":true,"href":"https:\/\/primermomento.com\/index.php?rest_route=%2Fwp%2Fv2%2Ftags&post=472885"}],"curies":[{"name":"wp","href":"https:\/\/api.w.org\/{rel}","templated":true}]}}