{"id":472901,"date":"2026-08-31T07:20:28","date_gmt":"2026-08-31T11:20:28","guid":{"rendered":"https:\/\/primermomento.com\/?p=472901"},"modified":"2026-08-31T18:10:06","modified_gmt":"2026-08-31T22:10:06","slug":"salcedo-anuncia-la-filsd-2026-y-sus-ofertas-circularan-libros-rd-de-alto-impacto-entre-muchos-otros","status":"publish","type":"post","link":"https:\/\/primermomento.com\/?p=472901","title":{"rendered":"Salcedo anuncia la FILSD 2026 y sus ofertas. Circular\u00e1n libros RD de alto impacto, entre muchos otros"},"content":{"rendered":"<hr \/>\n<p style=\"font-weight: 400;\"><strong>\u2022 Roberto \u00c1ngel Salcedo anuncia que vendr\u00e1n m\u00e1s de 70 escritores y directores internacionales, adem\u00e1s de 32 editoriales extranjeras y una delegaci\u00f3n de m\u00e1s de 35 escritores y representantes de la m\u00fasica, la danza y el teatro de Panam\u00e1, pa\u00eds invitado de honor.<\/strong><\/p>\n<hr \/>\n<p style=\"font-weight: 400;\"><strong><em>Por <span style=\"color: #ff0000;\">Jos\u00e9 Rafael Sosa<\/span><\/em><\/strong><\/p>\n<p style=\"font-weight: 400;\">SANTO DOMINGO, Rep\u00fablica Dominicana.\u2013 La literatura volver\u00e1 a ocupar el centro de la actividad cultural dominicana con la celebraci\u00f3n de la <strong>XXVIII Feria Internacional del Libro Santo Domingo (FILSD 2026)<\/strong>, que se desarrollar\u00e1 del\u00a0<strong>24 de septiembre al 4 de octubre<\/strong>\u00a0en la\u00a0<strong>Plaza de la Cultura Juan Pablo Duarte<\/strong>, precedida por el acto inaugural, previsto para el\u00a0<strong>23 de septiembre<\/strong>.<\/p>\n<p style=\"font-weight: 400;\">Los detalles fueron ofrecidos el martes\u00a0<strong>25 de agosto<\/strong>\u00a0por el ministro de Cultura,\u00a0<strong>Roberto \u00c1ngel Salcedo<\/strong>, durante un encuentro con representantes de los medios de comunicaci\u00f3n celebrado en la\u00a0<strong>Galer\u00eda Ram\u00f3n Oviedo<\/strong>, del Ministerio de Cultura.<\/p>\n<p style=\"font-weight: 400;\">En la actividad participaron funcionarios del Ministerio, entre ellos el escritor y gestor\u00a0<strong>Pastor de Moya<\/strong>, viceministro de Identidad Cultural y Ciudadan\u00eda;\u00a0<strong>Aquiles Juli\u00e1n<\/strong>, director general del Libro y la Lectura, y el escritor y docente de literatura\u00a0<strong>Nan Chevalier<\/strong>, nuevo director de la Feria, quienes tienen a su cargo distintas \u00e1reas de la organizaci\u00f3n y operaci\u00f3n del evento.<\/p>\n<p style=\"font-weight: 400;\">La edici\u00f3n de este a\u00f1o tendr\u00e1 como autor homenajeado al poeta y ensayista\u00a0<strong>Jos\u00e9 M\u00e1rmol<\/strong>, presente en el encuentro de anuncio. La programaci\u00f3n contempla m\u00e1s de\u00a0<strong>600 actividades<\/strong>, entre ellas presentaciones de libros, conferencias, talleres, encuentros con escritores, cine paname\u00f1o y dominicano, m\u00fasica y propuestas dirigidas especialmente a ni\u00f1os y j\u00f3venes.<\/p>\n<p style=\"font-weight: 400;\">Entre estas \u00faltimas se encuentra un renovado\u00a0<strong>Pabell\u00f3n Infantil y Juvenil<\/strong>, que ofrecer\u00e1 una cartelera especialmente dise\u00f1ada para esos p\u00fablicos. La\u00a0<strong>Editora Nacional<\/strong>\u00a0presentar\u00e1\u00a0<strong>23 nuevos t\u00edtulos<\/strong>, entre ellos tres obras de\u00a0<strong>Jos\u00e9 M\u00e1rmol<\/strong>.<\/p>\n<p style=\"font-weight: 400;\">Salcedo revel\u00f3 que la participaci\u00f3n internacional contempla la llegada de m\u00e1s de\u00a0<strong>70 personalidades<\/strong>, entre escritores, directores internacionales de ferias del libro y ejecutivos de casas editoriales, estos \u00faltimos convocados tambi\u00e9n para establecer conversaciones y contactos de negocios. En el \u00e1mbito nacional, se ha anunciado la participaci\u00f3n de\u00a0<strong>21 editoriales dominicanas y 44 librer\u00edas<\/strong>. La documentaci\u00f3n oficial presenta la Feria como un espacio de encuentro entre escritores, lectores, editoriales y representantes de distintas expresiones culturales<\/p>\n<p style=\"font-weight: 400;\"><strong>Panam\u00e1, protagonista internacional<\/strong><\/p>\n<p style=\"font-weight: 400;\">La presencia de\u00a0<strong>Panam\u00e1<\/strong>\u00a0adquiere especial importancia porque no se limitar\u00e1 a un pabell\u00f3n nacional. De acuerdo con la informaci\u00f3n oficial divulgada por la\u00a0<strong>Presidencia de la Rep\u00fablica<\/strong>, la delegaci\u00f3n paname\u00f1a estar\u00e1 integrada por m\u00e1s de\u00a0<strong>35 escritores y representantes de la m\u00fasica, la danza y el teatro<\/strong>. El listado individual de esos creadores literarios todav\u00eda no ha sido dado a conocer.<\/p>\n<p style=\"font-weight: 400;\">El\u00a0<strong>Ministerio de Cultura<\/strong>\u00a0public\u00f3 desde mayo de 2026 el formulario oficial de inscripci\u00f3n para expositores internacionales. El documento contempla espec\u00edficamente las categor\u00edas de librer\u00eda, revista, editorial, asociaci\u00f3n, fundaci\u00f3n u ONG, autor y otras modalidades, adem\u00e1s de establecer las condiciones para la instalaci\u00f3n de\u00a0<em>stands<\/em>\u00a0de los participantes extranjeros.<\/p>\n<p style=\"font-weight: 400;\"><strong>Jos\u00e9 M\u00e1rmol, autor homenajeado<\/strong><\/p>\n<p style=\"font-weight: 400;\">El homenaje central de esta XXVIII edici\u00f3n corresponder\u00e1 al poeta, ensayista y acad\u00e9mico\u00a0<strong>Jos\u00e9 M\u00e1rmol<\/strong>, una de las figuras fundamentales de la poes\u00eda dominicana contempor\u00e1nea. La\u00a0<strong>Editora Nacional<\/strong>\u00a0anunci\u00f3 que pondr\u00e1 en circulaci\u00f3n tres de sus obras:\u00a0<em>Esculpir la niebla<\/em>\u00a0,\u00a0<em>Met\u00e1foras del tiempo<\/em>\u00a0y\u00a0<em>La escritura imposible<\/em>.<\/p>\n<p style=\"font-weight: 400;\">El homenaje tiene, adem\u00e1s, un valor simb\u00f3lico, porque\u00a0<strong>M\u00e1rmol<\/strong>\u00a0pertenece a una generaci\u00f3n de escritores que contribuy\u00f3 decisivamente a la renovaci\u00f3n de la poes\u00eda dominicana desde las \u00faltimas d\u00e9cadas del siglo XX..<\/p>\n<p style=\"font-weight: 400;\"><strong>10 libros dominicanos de alto impacto en la FILSD 2026<\/strong><\/p>\n<p style=\"font-weight: 400;\">Entre las novedades editoriales dominicanas que podr\u00edan concitar especial atenci\u00f3n durante la Feria se encuentran las siguientes:<\/p>\n<ol>\n<li style=\"font-weight: 400;\"><strong> Luis Carvajal y Nelson Bautista \u2014<em>Trinchera de ternura<\/em>.<\/strong>Puesto en circulaci\u00f3n el\u00a0<strong>25 de agosto de 2026<\/strong>, en la\u00a0<strong>Universidad Aut\u00f3noma de Santo Domingo (UASD)<\/strong>, el volumen re\u00fane una trilog\u00eda integrada por\u00a0<em>El manantial rebelde<\/em>, dedicado al agua;\u00a0<em>La piel de la isla<\/em>, dedicado al suelo y el territorio, y\u00a0<em>El borde l\u00edquido de la patria<\/em>, dedicado al mar. Los textos combinan poes\u00eda, relatos breves y micro ensayos de divulgaci\u00f3n cient\u00edfica para abordar asuntos como la contaminaci\u00f3n de los r\u00edos, la degradaci\u00f3n de los suelos, las amenazas a las monta\u00f1as, el deterioro de las costas y la p\u00e9rdida de biodiversidad.<\/li>\n<li style=\"font-weight: 400;\"><strong> Euri Cabral \u2014<em>Juan Luis Guerra: compromiso y poes\u00eda<\/em>.<\/strong>Publicado por\u00a0<strong>Sial Pigmali\u00f3n<\/strong>, el libro constituye una biograf\u00eda autorizada por el artista y ha tenido una importante trayectoria editorial previa.\u00a0<strong>Euri Cabral<\/strong>\u00a0podr\u00eda aprovechar la Feria para presentar y firmar ejemplares de la obra.<\/li>\n<li style=\"font-weight: 400;\"><strong> Jos\u00e9 Rafael Lantigua \u2014<em>La bandera discutida<\/em>.<\/strong>Edici\u00f3n p\u00f3stuma de una obra que re\u00fane ensayos breves y cr\u00f3nicas relacionados con la fe cat\u00f3lica del autor. El volumen posee una significaci\u00f3n simb\u00f3lica especial por tratarse de una publicaci\u00f3n preparada por la familia de\u00a0<strong>Jos\u00e9 Rafael Lantigua<\/strong>\u00a0y que podr\u00eda estar disponible en las librer\u00edas participantes.<\/li>\n<li style=\"font-weight: 400;\"><strong> Roberto Cass\u00e1 \u2014<em>Los del monte<\/em>, tomos I y II.<\/strong>El historiador\u00a0<strong>Roberto Cass\u00e1<\/strong>, una de las principales figuras de la historiograf\u00eda dominicana contempor\u00e1nea, vuelve a mostrar en esta obra una amplia capacidad investigativa. La edici\u00f3n del\u00a0<strong>Archivo General de la Naci\u00f3n (AGN)<\/strong>\u00a0constituye una de las novedades editoriales de mayor relevancia que la instituci\u00f3n llevar\u00e1 a la Feria.<\/li>\n<li style=\"font-weight: 400;\"><strong> Alejandro Paulino Ramos \u2014<em>Bachata y cultura en la historia dominicana<\/em>.<\/strong>Investigaci\u00f3n hist\u00f3rica que profundiza en los or\u00edgenes y desarrollo de la bachata y presta particular atenci\u00f3n a\u00a0<strong>Puerto Plata<\/strong>\u00a0como una de las puertas de entrada del g\u00e9nero. La obra destaca por la amplitud de sus referencias y la riqueza de sus detalles hist\u00f3ricos.<\/li>\n<li style=\"font-weight: 400;\"><strong> Rafael N\u00fa\u00f1ez \u2014<em>Santo Domingo: g\u00e9nesis y ruptura de dos naciones<\/em>.<\/strong>Una aproximaci\u00f3n hist\u00f3rica a los procesos que determinaron la formaci\u00f3n y posterior ruptura del espacio pol\u00edtico que comparti\u00f3 la isla.<\/li>\n<li style=\"font-weight: 400;\"><strong> Ubi Rivas \u2014<em>Santiago de los Caballeros: 500 a\u00f1os de historia<\/em>.<\/strong>Una detallada cr\u00f3nica hist\u00f3rica de la ciudad de\u00a0<strong>Santiago de los Caballeros<\/strong>, presentada recientemente en la\u00a0<strong>Biblioteca Nacional Pedro Henr\u00edquez Ure\u00f1a<\/strong>.<\/li>\n<li style=\"font-weight: 400;\"><strong> Agust\u00edn Cort\u00e9s Robles \u2014<em>El voto del pueblo dominicano<\/em>.<\/strong>El profesor universitario y cineasta\u00a0<strong>Agust\u00edn Cort\u00e9s Robles<\/strong>\u00a0aborda en este trabajo aspectos relacionados con el pensamiento electoral y la identidad dominicana.<\/li>\n<li style=\"font-weight: 400;\"><strong> Danilo Ginebra \u2014<em>La escena alterada<\/em>.<\/strong>Una obra de particular inter\u00e9s editorial porque contribuye a llenar un vac\u00edo hist\u00f3rico en la trayectoria del teatro popular dominicano y plantea, al mismo tiempo, un desaf\u00edo para que otros directores y actores documenten fen\u00f3menos esc\u00e9nicos similares. La edici\u00f3n, de cuidada presentaci\u00f3n, fue presentada el martes\u00a0<strong>25 de agosto<\/strong>\u00a0en\u00a0<strong>Casa de Teatro<\/strong>.<\/li>\n<li style=\"font-weight: 400;\"><strong> Ces\u00e1reo Silvestre \u2014<em>El documental como memoria y voz<\/em>.<\/strong>En este ensayo,\u00a0<strong>Ces\u00e1reo Silvestre<\/strong>\u00a0propone una metodolog\u00eda basada en su experiencia en el campo audiovisual y en torno a la producci\u00f3n de documentales y su funci\u00f3n como instrumento de memoria hist\u00f3rica. La obra est\u00e1 dedicada al cineasta\u00a0<strong>Ren\u00e9 Fortunato<\/strong>\u00a0y fue presentada en julio en la\u00a0<strong>Biblioteca Nacional Pedro Henr\u00edquez Ure\u00f1a<\/strong>, con la participaci\u00f3n de\u00a0<strong>Aquiles Juli\u00e1n<\/strong>.<\/li>\n<\/ol>\n<p style=\"font-weight: 400;\"><strong>7 libros dominicanos editados en el exterior<\/strong><\/p>\n<p style=\"font-weight: 400;\">Tambi\u00e9n se conoce la existencia de varios libros de autores dominicanos publicados por editoriales extranjeras que podr\u00edan estar disponibles para la venta durante la FILSD 2026:<\/p>\n<ol>\n<li style=\"font-weight: 400;\"><strong> Jos\u00e9 M\u00e1rmol \u2014<em>Otras angustias de la posmodernidad<\/em>.<\/strong>Publicado por<strong>Huerga y Fierro<\/strong>, adquiere especial inter\u00e9s por tratarse del autor homenajeado de esta edici\u00f3n. La presencia del propio\u00a0<strong>M\u00e1rmol<\/strong>\u00a0en la Feria podr\u00eda favorecer la firma y promoci\u00f3n de sus obras.<\/li>\n<li style=\"font-weight: 400;\"><strong> Christian Encarnaci\u00f3n \u2014<em>Ma\u00f1ana no nos acordaremos de nosotros<\/em>.<\/strong>Libro del poeta dominicano publicado por\u00a0<strong>Huerga y Fierro<\/strong>\u00a0en 2025.<\/li>\n<li style=\"font-weight: 400;\"><strong> Luis R. Santos \u2014<em>Ciudadano p\u00f3stumo<\/em>.<\/strong>Otra publicaci\u00f3n de<strong>Huerga y Fierro<\/strong>\u00a0correspondiente a un autor dominicano.<\/li>\n<li style=\"font-weight: 400;\"><strong> Daniel Tejada \u2014<em>30 a\u00f1os de la nueva literatura dominicana en Espa\u00f1a, 1994-2024<\/em>.<\/strong>Una obra de\u00a0<strong>Daniel Tejada<\/strong>, publicada por\u00a0<strong>Huerga y Fierro<\/strong>, dedicada al seguimiento de tres d\u00e9cadas de literatura dominicana desarrollada en Espa\u00f1a.<\/li>\n<li style=\"font-weight: 400;\"><strong> Fernando Cabrera \u2014<em>Narciso<\/em><\/strong>, publicada por Editorial<strong>Sial Pigmali\u00f3n<\/strong>.<\/li>\n<li style=\"font-weight: 400;\"><strong> Alfonso Qui\u00f1ones \u2014<em>Ojo de madera<\/em>.<\/strong>Nueva obra del escritor y cultur\u00f3logo cubano-dominicano\u00a0<strong>Alfonso Qui\u00f1ones<\/strong>, publicada por\u00a0<strong>Sial Pigmali\u00f3n<\/strong>\u00a0y presentada anteriormente en la\u00a0<strong>Feria del Libro de Madrid<\/strong>.<\/li>\n<\/ol>\n<p style=\"font-weight: 400;\"><strong>Pa\u00edses invitados<\/strong><\/p>\n<p style=\"font-weight: 400;\">En las distintas ediciones de la Feria han participado como pa\u00edses o espacios invitados\u00a0<strong>Espa\u00f1a, M\u00e9xico, Francia, Chile, Venezuela, Cuba, Puerto Rico, Italia, Argentina, Colombia, la Asociaci\u00f3n de Estados del Caribe, Brasil, Centroam\u00e9rica, Ecuador, Panam\u00e1, Per\u00fa, Paraguay, Guatemala, Israel y la Uni\u00f3n Europea<\/strong>.<\/p>\n<p style=\"font-weight: 400;\">Entre las figuras homenajeadas a lo largo de la historia de la Feria se encuentran:<\/p>\n<p style=\"font-weight: 400;\"><strong>Pedro Mir, Juan Bosch, Manuel del Cabral, Pedro Henr\u00edquez Ure\u00f1a, A\u00edda Cartagena Portalat\u00edn, Marcio Veloz Maggiolo, Franklin Mieses Burgos, Emilio Rodr\u00edguez Demorizi, Ren\u00e9 del Risco Berm\u00fadez, Lupo Hern\u00e1ndez Rueda, Virgilio D\u00edaz Grull\u00f3n, Jeannette Miller, Mateo Morrison y Frank Moya Pons.<\/strong><\/p>\n<p style=\"font-weight: 400;\">La edici\u00f3n de\u00a0<strong>2025<\/strong>\u00a0estuvo dedicada al historiador\u00a0<strong>Frank Moya Pons<\/strong>, mientras que la de\u00a0<strong>2026<\/strong>\u00a0tendr\u00e1 como homenajeado central al poeta y ensayista\u00a0<strong>Jos\u00e9 M\u00e1rmol<\/strong>.<\/p>\n","protected":false},"excerpt":{"rendered":"<p>\u2022 Roberto \u00c1ngel Salcedo anuncia que vendr\u00e1n m\u00e1s de 70 escritores y directores internacionales, adem\u00e1s de 32 editoriales extranjeras y una delegaci\u00f3n de m\u00e1s de 35 escritores y representantes de la m\u00fasica, la danza y el teatro de Panam\u00e1, pa\u00eds invitado de honor. Por Jos\u00e9 Rafael Sosa SANTO DOMINGO, Rep\u00fablica Dominicana.\u2013 La literatura volver\u00e1 a [&hellip;]<\/p>\n","protected":false},"author":1,"featured_media":472902,"comment_status":"open","ping_status":"open","sticky":false,"template":"","format":"standard","meta":{"_bbp_topic_count":0,"_bbp_reply_count":0,"_bbp_total_topic_count":0,"_bbp_total_reply_count":0,"_bbp_voice_count":0,"_bbp_anonymous_reply_count":0,"_bbp_topic_count_hidden":0,"_bbp_reply_count_hidden":0,"_bbp_forum_subforum_count":0,"footnotes":""},"categories":[39],"tags":[],"class_list":["post-472901","post","type-post","status-publish","format-standard","has-post-thumbnail","category-entretenimiento"],"_links":{"self":[{"href":"https:\/\/primermomento.com\/index.php?rest_route=\/wp\/v2\/posts\/472901","targetHints":{"allow":["GET"]}}],"collection":[{"href":"https:\/\/primermomento.com\/index.php?rest_route=\/wp\/v2\/posts"}],"about":[{"href":"https:\/\/primermomento.com\/index.php?rest_route=\/wp\/v2\/types\/post"}],"author":[{"embeddable":true,"href":"https:\/\/primermomento.com\/index.php?rest_route=\/wp\/v2\/users\/1"}],"replies":[{"embeddable":true,"href":"https:\/\/primermomento.com\/index.php?rest_route=%2Fwp%2Fv2%2Fcomments&post=472901"}],"version-history":[{"count":1,"href":"https:\/\/primermomento.com\/index.php?rest_route=\/wp\/v2\/posts\/472901\/revisions"}],"predecessor-version":[{"id":472903,"href":"https:\/\/primermomento.com\/index.php?rest_route=\/wp\/v2\/posts\/472901\/revisions\/472903"}],"wp:featuredmedia":[{"embeddable":true,"href":"https:\/\/primermomento.com\/index.php?rest_route=\/wp\/v2\/media\/472902"}],"wp:attachment":[{"href":"https:\/\/primermomento.com\/index.php?rest_route=%2Fwp%2Fv2%2Fmedia&parent=472901"}],"wp:term":[{"taxonomy":"category","embeddable":true,"href":"https:\/\/primermomento.com\/index.php?rest_route=%2Fwp%2Fv2%2Fcategories&post=472901"},{"taxonomy":"post_tag","embeddable":true,"href":"https:\/\/primermomento.com\/index.php?rest_route=%2Fwp%2Fv2%2Ftags&post=472901"}],"curies":[{"name":"wp","href":"https:\/\/api.w.org\/{rel}","templated":true}]}}