{"id":472914,"date":"2026-08-31T07:05:54","date_gmt":"2026-08-31T11:05:54","guid":{"rendered":"https:\/\/primermomento.com\/?p=472914"},"modified":"2026-09-01T07:16:11","modified_gmt":"2026-09-01T11:16:11","slug":"messi-cierra-su-paso-por-la-seleccion-argentina","status":"publish","type":"post","link":"https:\/\/primermomento.com\/?p=472914","title":{"rendered":"Messi cierra su paso por la selecci\u00f3n argentina"},"content":{"rendered":"<p><iframe loading=\"lazy\" title=\"Lionel Messi se retira de la selecci\u00f3n argentina: &quot;Ya no tengo nada m\u00e1s que dar&quot;\" width=\"696\" height=\"392\" src=\"https:\/\/www.youtube.com\/embed\/PAnXFpNa1u0?start=1&amp;feature=oembed\" frameborder=\"0\" allow=\"accelerometer; autoplay; clipboard-write; encrypted-media; gyroscope; picture-in-picture; web-share\" referrerpolicy=\"strict-origin-when-cross-origin\" allowfullscreen><\/iframe><\/p>\n<p><strong><em>Por <span style=\"color: #ff0000;\">Prensa Latina<\/span><\/em><\/strong><\/p>\n<p>Miami, EEUU.- El astro argentino Lionel Messi cerr\u00f3 hoy su etapa en la selecci\u00f3n argentina de f\u00fatbol para acabar con las dudas sobre una posible participaci\u00f3n en la Copa Am\u00e9rica de Estados Unidos 2028.<\/p>\n<div class=\"elementor-element elementor-element-0aea3a0 elementor-widget elementor-widget-theme-post-content\" data-id=\"0aea3a0\" data-element_type=\"widget\" data-e-type=\"widget\" data-widget_type=\"theme-post-content.default\">\n<div class=\"elementor-widget-container\">\n<p>Messi deja la escuadra albiceleste tras m\u00e1s de 20 a\u00f1os defendiendo su camiseta y luego de disputar la final del Mundial de Canad\u00e1, Estados Unidos y M\u00e9xico.<\/p>\n<figure id=\"attachment_374903\" aria-describedby=\"caption-attachment-374903\" style=\"width: 300px\" class=\"wp-caption alignleft\"><img loading=\"lazy\" decoding=\"async\" class=\"size-medium wp-image-374903\" src=\"https:\/\/primermomento.com\/wp-content\/uploads\/2022\/12\/Lionel-Messi-300x169.jpg\" alt=\"\" width=\"300\" height=\"169\" srcset=\"https:\/\/primermomento.com\/wp-content\/uploads\/2022\/12\/Lionel-Messi-300x169.jpg 300w, https:\/\/primermomento.com\/wp-content\/uploads\/2022\/12\/Lionel-Messi-768x433.jpg 768w, https:\/\/primermomento.com\/wp-content\/uploads\/2022\/12\/Lionel-Messi-478x270.jpg 478w, https:\/\/primermomento.com\/wp-content\/uploads\/2022\/12\/Lionel-Messi-500x282.jpg 500w, https:\/\/primermomento.com\/wp-content\/uploads\/2022\/12\/Lionel-Messi-280x158.jpg 280w, https:\/\/primermomento.com\/wp-content\/uploads\/2022\/12\/Lionel-Messi-638x359.jpg 638w, https:\/\/primermomento.com\/wp-content\/uploads\/2022\/12\/Lionel-Messi-118x66.jpg 118w, https:\/\/primermomento.com\/wp-content\/uploads\/2022\/12\/Lionel-Messi-479x270.jpg 479w, https:\/\/primermomento.com\/wp-content\/uploads\/2022\/12\/Lionel-Messi.jpg 950w\" sizes=\"auto, (max-width: 300px) 100vw, 300px\" \/><figcaption id=\"caption-attachment-374903\" class=\"wp-caption-text\">Lionel Messi<\/figcaption><\/figure>\n<p>\u00abDespu\u00e9s de este tiempo que pas\u00f3 desde la final pens\u00e1ndolo mucho, quiero comunicarles a todos que me retiro de la selecci\u00f3n. Fue una decisi\u00f3n que doli\u00f3 y duele en el alma, pero entiendo que es el momento\u00bb, escribi\u00f3 en sus redes sociales la estrella.<\/p>\n<p>El delantero, de 39 a\u00f1os, acab\u00f3 su etapa por el combinado argentino con un Mundial, dos Copa Am\u00e9rica, una justa universal sub-20 y un oro en los Juegos Ol\u00edmpicos de 2008.<\/p>\n<p>\u00abQueda poco y se van cerrando etapas y esta es una que me duele mucho. Amo, am\u00e9 y amar\u00e9 siempre estar, en la Selecci\u00f3n. Me vacie, ya no tengo m\u00e1s para dar y, aparte vienen chicos muy grandes atr\u00e1s que merecen estar\u00bb, agreg\u00f3.<\/p>\n<p>El capit\u00e1n argentino lleg\u00f3 a abandonar el combinado nacional en 2016, pero esa decisi\u00f3n duro poco y cinco a\u00f1os despu\u00e9s su primer t\u00edtulo _con_ la absoluta en la Copa Am\u00e9rica.<\/p>\n<p>\u00abGracias a mi familia por estar siempre, por acompa\u00f1arme en este viaje tan hermoso, pero dif\u00edcil\u00bb, subray\u00f3.<\/p>\n<\/div>\n<\/div>\n<div class=\"elementor-element elementor-element-4f75016 elementor-widget elementor-widget-post-info\" data-id=\"4f75016\" data-element_type=\"widget\" data-e-type=\"widget\" data-widget_type=\"post-info.default\">\n<div class=\"elementor-widget-container\">\n<ul class=\"elementor-inline-items elementor-icon-list-items elementor-post-info\">\n<li class=\"elementor-icon-list-item elementor-repeater-item-17dda3e elementor-inline-item\"><em><span class=\"elementor-icon-list-text elementor-post-info__item elementor-post-info__item--type-custom\">#<a href=\"https:\/\/primermomento.com\/?p=472914\" rel=\"tag\">argentina<\/a>\u00a0#<a href=\"https:\/\/primermomento.com\/?p=472914\" rel=\"tag\">Copa<\/a>\u00a0#<a href=\"https:\/\/primermomento.com\/?p=472914\" rel=\"tag\">messi<\/a>\u00a0#<a href=\"https:\/\/primermomento.com\/?p=472914\" rel=\"tag\">Mundial<\/a>\u00a0#<a href=\"https:\/\/primermomento.com\/?p=472914\" rel=\"tag\">retiro<\/a><\/span><\/em><\/li>\n<\/ul>\n<\/div>\n<\/div>\n","protected":false},"excerpt":{"rendered":"<p>Por Prensa Latina Miami, EEUU.- El astro argentino Lionel Messi cerr\u00f3 hoy su etapa en la selecci\u00f3n argentina de f\u00fatbol para acabar con las dudas sobre una posible participaci\u00f3n en la Copa Am\u00e9rica de Estados Unidos 2028. Messi deja la escuadra albiceleste tras m\u00e1s de 20 a\u00f1os defendiendo su camiseta y luego de disputar la [&hellip;]<\/p>\n","protected":false},"author":1,"featured_media":374903,"comment_status":"open","ping_status":"open","sticky":false,"template":"","format":"video","meta":{"_bbp_topic_count":0,"_bbp_reply_count":0,"_bbp_total_topic_count":0,"_bbp_total_reply_count":0,"_bbp_voice_count":0,"_bbp_anonymous_reply_count":0,"_bbp_topic_count_hidden":0,"_bbp_reply_count_hidden":0,"_bbp_forum_subforum_count":0,"footnotes":""},"categories":[42,106],"tags":[],"class_list":["post-472914","post","type-post","status-publish","format-video","has-post-thumbnail","category-deportes","category-video-news","post_format-post-format-video"],"_links":{"self":[{"href":"https:\/\/primermomento.com\/index.php?rest_route=\/wp\/v2\/posts\/472914","targetHints":{"allow":["GET"]}}],"collection":[{"href":"https:\/\/primermomento.com\/index.php?rest_route=\/wp\/v2\/posts"}],"about":[{"href":"https:\/\/primermomento.com\/index.php?rest_route=\/wp\/v2\/types\/post"}],"author":[{"embeddable":true,"href":"https:\/\/primermomento.com\/index.php?rest_route=\/wp\/v2\/users\/1"}],"replies":[{"embeddable":true,"href":"https:\/\/primermomento.com\/index.php?rest_route=%2Fwp%2Fv2%2Fcomments&post=472914"}],"version-history":[{"count":2,"href":"https:\/\/primermomento.com\/index.php?rest_route=\/wp\/v2\/posts\/472914\/revisions"}],"predecessor-version":[{"id":472917,"href":"https:\/\/primermomento.com\/index.php?rest_route=\/wp\/v2\/posts\/472914\/revisions\/472917"}],"wp:featuredmedia":[{"embeddable":true,"href":"https:\/\/primermomento.com\/index.php?rest_route=\/wp\/v2\/media\/374903"}],"wp:attachment":[{"href":"https:\/\/primermomento.com\/index.php?rest_route=%2Fwp%2Fv2%2Fmedia&parent=472914"}],"wp:term":[{"taxonomy":"category","embeddable":true,"href":"https:\/\/primermomento.com\/index.php?rest_route=%2Fwp%2Fv2%2Fcategories&post=472914"},{"taxonomy":"post_tag","embeddable":true,"href":"https:\/\/primermomento.com\/index.php?rest_route=%2Fwp%2Fv2%2Ftags&post=472914"}],"curies":[{"name":"wp","href":"https:\/\/api.w.org\/{rel}","templated":true}]}}