{"id":472938,"date":"2026-09-01T13:25:07","date_gmt":"2026-09-01T17:25:07","guid":{"rendered":"https:\/\/primermomento.com\/?p=472938"},"modified":"2026-09-01T15:12:10","modified_gmt":"2026-09-01T19:12:10","slug":"fuerza-de-tarea-conjunta-destaca-respuesta-oportuna-en-el-rescate-de-14-menores-en-haina","status":"publish","type":"post","link":"https:\/\/primermomento.com\/?p=472938","title":{"rendered":"Fuerza de Tarea Conjunta destaca respuesta oportuna en el rescate de 14 menores en Haina"},"content":{"rendered":"<p dir=\"ltr\"><strong><em>Por <span style=\"color: #ff0000;\">Servicios de Primermomento.com<\/span><\/em><\/strong><\/p>\n<p dir=\"ltr\">SANTO DOMINGO, Rep\u00fablica Dominicana.- La ministra de Interior y Polic\u00eda, Faride Raful, present\u00f3 los\u00a0avances de las acciones de respuesta r\u00e1pida de la Fuerza de Tarea Conjunta, entre las cuales destac\u00f3 el\u00a0rescate de 14 menores en Haina\u00a0y el incremento de la\u00a0vigilancia preventiva en zonas comerciales,\u00a0durante la reuni\u00f3n de\u00a0seguimiento\u00a0encabezada por la\u00a0vicepresidenta Raquel Pe\u00f1a.<\/p>\n<p dir=\"ltr\">Como parte de las acciones operativas, la Fuerza de Tarea intervino una\u00a0supuesta entidad religiosa denominada Fundaci\u00f3n Restaurando Vida, en el sector Las Paredes, Haina. El operativo se activ\u00f3 tras la denuncia de un menor que logr\u00f3 escapar del lugar y alert\u00f3 a la Polic\u00eda Nacional sobre situaciones de\u00a0trabajo forzado, aislamiento y agresiones f\u00edsicas.<\/p>\n<p dir=\"ltr\">La acci\u00f3n conjunta de la\u00a0Polic\u00eda Nacional, el\u00a0Ministerio P\u00fablico\u00a0y el Consejo Nacional para la Ni\u00f1ez y la Adolescencia\u00a0(Conani)\u00a0permiti\u00f3 poner a salvo a los 14 menores (con edades comprendidas entre los tres meses y los 17 a\u00f1os) y detener a\u00a013 personas para su sometimiento a la justicia,\u00a0encabezadas por el nombrado\u00a0\u00c1ngel Gabriel Caba\u00f1as, de 69 a\u00f1os.<\/p>\n<p dir=\"ltr\">\u00abGracias a la denuncia y a la acci\u00f3n inmediata de las autoridades, se logr\u00f3 salvar la integridad de estos menores. El Ministerio P\u00fablico profundiza las investigaciones para establecer las responsabilidades correspondientes\u00bb,\u00a0precis\u00f3 Raful.<\/p>\n<p dir=\"ltr\"><strong>Patrullaje y respuesta a denuncias<\/strong><\/p>\n<p dir=\"ltr\">Durante el encuentro, la ministra abord\u00f3 las\u00a0inquietudes ciudadanas sobre la vigilancia en \u00e1reas comerciales, respecto a lo cual enfatizo la importancia de la\u00a0denuncia formal\u00a0para desplegar la\u00a0operatividad predictiva\u00a0del sistema.<\/p>\n<p dir=\"ltr\">Raful explic\u00f3 que la presencia de agentes en\u00a0patrullaje preventivo aument\u00f3 del 13 % en 2020 al 36 % actual, como resultado de la incorporaci\u00f3n de casi\u00a012,000 nuevos polic\u00edas\u00a0formados bajo un programa durante un a\u00f1o.<\/p>\n<p dir=\"ltr\">Anunci\u00f3 adem\u00e1s que en noviembre se integrar\u00e1n\u00a02,000 nuevos efectivos\u00a0y que se avanza en la adquisici\u00f3n de\u00a0veh\u00edculos, motocicletas y c\u00e1maras corporales.<\/p>\n<p dir=\"ltr\">Indicadores de seguridad y seguimiento<\/p>\n<p dir=\"ltr\">En el \u00e1mbito estad\u00edstico, el reporte oficial indic\u00f3 que la tasa acumulada de\u00a0homicidios\u00a0se sit\u00faa en\u00a07.41\u00a0por cada 100,000 habitantes al cierre de agosto, consolidando la\u00a0tendencia a la baja frente al 8.39 registrado en 2025.<\/p>\n<p dir=\"ltr\">Asimismo, la titular del MIP repas\u00f3 los\u00a0avances en Villas Agr\u00edcolas, primer sector intervenido de los\u00a0diez priorizados en la estrategia integral de seguridad, donde destacan\u00a032 operativos antidrogas, la graduaci\u00f3n de\u00a025 nuevos mediadores de conflictos\u00a0y trabajos de\u00a0iluminaci\u00f3n en puntos cr\u00edticos.<\/p>\n","protected":false},"excerpt":{"rendered":"<p>Por Servicios de Primermomento.com SANTO DOMINGO, Rep\u00fablica Dominicana.- La ministra de Interior y Polic\u00eda, Faride Raful, present\u00f3 los\u00a0avances de las acciones de respuesta r\u00e1pida de la Fuerza de Tarea Conjunta, entre las cuales destac\u00f3 el\u00a0rescate de 14 menores en Haina\u00a0y el incremento de la\u00a0vigilancia preventiva en zonas comerciales,\u00a0durante la reuni\u00f3n de\u00a0seguimiento\u00a0encabezada por la\u00a0vicepresidenta Raquel Pe\u00f1a. [&hellip;]<\/p>\n","protected":false},"author":1,"featured_media":472939,"comment_status":"open","ping_status":"open","sticky":false,"template":"","format":"standard","meta":{"_bbp_topic_count":0,"_bbp_reply_count":0,"_bbp_total_topic_count":0,"_bbp_total_reply_count":0,"_bbp_voice_count":0,"_bbp_anonymous_reply_count":0,"_bbp_topic_count_hidden":0,"_bbp_reply_count_hidden":0,"_bbp_forum_subforum_count":0,"footnotes":""},"categories":[32],"tags":[],"class_list":["post-472938","post","type-post","status-publish","format-standard","has-post-thumbnail","category-lo-ultimo"],"_links":{"self":[{"href":"https:\/\/primermomento.com\/index.php?rest_route=\/wp\/v2\/posts\/472938","targetHints":{"allow":["GET"]}}],"collection":[{"href":"https:\/\/primermomento.com\/index.php?rest_route=\/wp\/v2\/posts"}],"about":[{"href":"https:\/\/primermomento.com\/index.php?rest_route=\/wp\/v2\/types\/post"}],"author":[{"embeddable":true,"href":"https:\/\/primermomento.com\/index.php?rest_route=\/wp\/v2\/users\/1"}],"replies":[{"embeddable":true,"href":"https:\/\/primermomento.com\/index.php?rest_route=%2Fwp%2Fv2%2Fcomments&post=472938"}],"version-history":[{"count":1,"href":"https:\/\/primermomento.com\/index.php?rest_route=\/wp\/v2\/posts\/472938\/revisions"}],"predecessor-version":[{"id":472940,"href":"https:\/\/primermomento.com\/index.php?rest_route=\/wp\/v2\/posts\/472938\/revisions\/472940"}],"wp:featuredmedia":[{"embeddable":true,"href":"https:\/\/primermomento.com\/index.php?rest_route=\/wp\/v2\/media\/472939"}],"wp:attachment":[{"href":"https:\/\/primermomento.com\/index.php?rest_route=%2Fwp%2Fv2%2Fmedia&parent=472938"}],"wp:term":[{"taxonomy":"category","embeddable":true,"href":"https:\/\/primermomento.com\/index.php?rest_route=%2Fwp%2Fv2%2Fcategories&post=472938"},{"taxonomy":"post_tag","embeddable":true,"href":"https:\/\/primermomento.com\/index.php?rest_route=%2Fwp%2Fv2%2Ftags&post=472938"}],"curies":[{"name":"wp","href":"https:\/\/api.w.org\/{rel}","templated":true}]}}