{"id":472953,"date":"2026-09-01T15:11:20","date_gmt":"2026-09-01T19:11:20","guid":{"rendered":"https:\/\/primermomento.com\/?p=472953"},"modified":"2026-09-01T15:11:20","modified_gmt":"2026-09-01T19:11:20","slug":"gobierno-entrega-50-camiones-compactadores-de-basura-a-municipios-y-distritos","status":"publish","type":"post","link":"https:\/\/primermomento.com\/?p=472953","title":{"rendered":"Gobierno entrega 50 camiones compactadores de basura a municipios y distritos"},"content":{"rendered":"<p dir=\"ltr\"><strong><em>Por<span style=\"color: #ff0000;\"> Servicios de Primermomento.com<\/span><\/em><\/strong><\/p>\n<p dir=\"ltr\">SANTO DOMINGO, Rep\u00fablica Dominicana.- El presidente Luis Abinader, a trav\u00e9s del Ministerio Administrativo de la Presidencia\u00a0(Mapre), entreg\u00f3\u00a050 camiones compactadores\u00a0a municipios y distritos municipales, como parte de un programa de apoyo dirigido a fortalecer la\u00a0capacidad de los gobiernos locales\u00a0para garantizar una\u00a0recogida de basura m\u00e1s eficiente.<\/p>\n<p dir=\"ltr\">El ministro administrativo de la Presidencia,\u00a0Andr\u00e9s Bautista Garc\u00eda, inform\u00f3 que la iniciativa responde especialmente a las comunidades donde la\u00a0acumulaci\u00f3n de basura\u00a0representa un\u00a0riesgo para la salud p\u00fablica, el medio ambiente y la calidad de vida\u00a0de la poblaci\u00f3n.<\/p>\n<p dir=\"ltr\">En un acto celebrado en la explanada frontal del Palacio Nacional, Bautista Garc\u00eda manifest\u00f3 que esta\u00a0iniciativa, dispuesta por el presidente Luis Abinader,\u00a0busca dar respuesta a una de las principales necesidades de los gobiernos locales y contribuir a mejorar las condiciones de salubridad de las comunidades, mediante una gesti\u00f3n m\u00e1s eficiente de la recogida de basura.<\/p>\n<p dir=\"ltr\">La actividad fue encabezada por el ministro Bautista Garc\u00eda, acompa\u00f1ado del presidente de la Liga Municipal Dominicana,\u00a0V\u00edctor D\u2019Aza; el de la Federaci\u00f3n Dominicana de Municipios y alcalde de Saman\u00e1,\u00a0Nelson N\u00fa\u00f1ez, y el de la Federaci\u00f3n Dominicana de Distritos Municipales (Fedodim),\u00a0Lioncito Jos\u00e9; el ministro de Trabajo,\u00a0Eddy Olivares; Priamo Ram\u00edrez, director ejecutivo DO Sostenible, y\u00a0Modesto Guzm\u00e1n, director general de la Direcci\u00f3n de Desarrollo a la Comunidad, adem\u00e1s, de diputados, senadores y los alcaldes beneficiados con los camiones compactadores.<\/p>\n<p dir=\"ltr\">Entre 2024 y 2026, el Gobierno recibi\u00f3 unas\u00a0240 solicitudes de donaci\u00f3n de camiones compactadores\u00a0para ser utilizados en los municipios y distritos municipales del pa\u00eds.<\/p>\n<p dir=\"ltr\">Debido al riesgo para la salud p\u00fablica que representa la acumulaci\u00f3n de basura y considerando la precariedad de recursos para la adquisici\u00f3n de estos equipos, el Mapre convoc\u00f3 a un\u00a0procedimiento de contrataci\u00f3n p\u00fablica\u00a0el 23 de marzo de 2026,\u00a0 relativo a la\u00a0adquisici\u00f3n de 100 camiones\u00a0para ser donados, en una primera fase, a los\u00a0territorios de mayor necesidad.<\/p>\n<p dir=\"ltr\">Esta primera entrega permitir\u00e1 mejorar la\u00a0capacidad operativa\u00a0de los gobiernos locales beneficiados.<\/p>\n<p dir=\"ltr\">Los equipos ser\u00e1n destinados prioritariamente a municipios y distritos municipales de Azua, Bahoruco, Barahona, El\u00edas Pi\u00f1a, Independencia, Pedernales, Peravia, San Crist\u00f3bal, San Jos\u00e9 de Ocoa y San Juan, adem\u00e1s de Los Alcarrizos y Pedro Brand, en el Gran Santo Domingo, as\u00ed como a territorios de Monte Plata, El Seibo y Hato Mayor.<\/p>\n<p dir=\"ltr\">El ministro exhort\u00f3 a los alcaldes y directores distritales beneficiados con estos equipos a\u00a0\u201ccuidar de ellos como si fueran propios evitando que al paso de dos o tres a\u00f1os aparezcan en un cementerio de chatarras\u201d.<\/p>\n","protected":false},"excerpt":{"rendered":"<p>Por Servicios de Primermomento.com SANTO DOMINGO, Rep\u00fablica Dominicana.- El presidente Luis Abinader, a trav\u00e9s del Ministerio Administrativo de la Presidencia\u00a0(Mapre), entreg\u00f3\u00a050 camiones compactadores\u00a0a municipios y distritos municipales, como parte de un programa de apoyo dirigido a fortalecer la\u00a0capacidad de los gobiernos locales\u00a0para garantizar una\u00a0recogida de basura m\u00e1s eficiente. El ministro administrativo de la Presidencia,\u00a0Andr\u00e9s Bautista [&hellip;]<\/p>\n","protected":false},"author":1,"featured_media":472954,"comment_status":"open","ping_status":"open","sticky":false,"template":"","format":"standard","meta":{"_bbp_topic_count":0,"_bbp_reply_count":0,"_bbp_total_topic_count":0,"_bbp_total_reply_count":0,"_bbp_voice_count":0,"_bbp_anonymous_reply_count":0,"_bbp_topic_count_hidden":0,"_bbp_reply_count_hidden":0,"_bbp_forum_subforum_count":0,"footnotes":""},"categories":[30],"tags":[],"class_list":["post-472953","post","type-post","status-publish","format-standard","has-post-thumbnail","category-actualidad"],"_links":{"self":[{"href":"https:\/\/primermomento.com\/index.php?rest_route=\/wp\/v2\/posts\/472953","targetHints":{"allow":["GET"]}}],"collection":[{"href":"https:\/\/primermomento.com\/index.php?rest_route=\/wp\/v2\/posts"}],"about":[{"href":"https:\/\/primermomento.com\/index.php?rest_route=\/wp\/v2\/types\/post"}],"author":[{"embeddable":true,"href":"https:\/\/primermomento.com\/index.php?rest_route=\/wp\/v2\/users\/1"}],"replies":[{"embeddable":true,"href":"https:\/\/primermomento.com\/index.php?rest_route=%2Fwp%2Fv2%2Fcomments&post=472953"}],"version-history":[{"count":1,"href":"https:\/\/primermomento.com\/index.php?rest_route=\/wp\/v2\/posts\/472953\/revisions"}],"predecessor-version":[{"id":472955,"href":"https:\/\/primermomento.com\/index.php?rest_route=\/wp\/v2\/posts\/472953\/revisions\/472955"}],"wp:featuredmedia":[{"embeddable":true,"href":"https:\/\/primermomento.com\/index.php?rest_route=\/wp\/v2\/media\/472954"}],"wp:attachment":[{"href":"https:\/\/primermomento.com\/index.php?rest_route=%2Fwp%2Fv2%2Fmedia&parent=472953"}],"wp:term":[{"taxonomy":"category","embeddable":true,"href":"https:\/\/primermomento.com\/index.php?rest_route=%2Fwp%2Fv2%2Fcategories&post=472953"},{"taxonomy":"post_tag","embeddable":true,"href":"https:\/\/primermomento.com\/index.php?rest_route=%2Fwp%2Fv2%2Ftags&post=472953"}],"curies":[{"name":"wp","href":"https:\/\/api.w.org\/{rel}","templated":true}]}}