{"id":472957,"date":"2026-09-01T14:16:55","date_gmt":"2026-09-01T18:16:55","guid":{"rendered":"https:\/\/primermomento.com\/?p=472957"},"modified":"2026-09-01T15:18:52","modified_gmt":"2026-09-01T19:18:52","slug":"dominicana-fortalece-respuesta-ante-emergencias-en-palacio-nacional","status":"publish","type":"post","link":"https:\/\/primermomento.com\/?p=472957","title":{"rendered":"Dominicana fortalece respuesta ante emergencias en Palacio Nacional"},"content":{"rendered":"<p><strong><em>Por<span style=\"color: #ff0000;\"> Prensa Latina<\/span><\/em><\/strong><\/p>\n<p>SANTO DOMINGO, Rep\u00fablica Dominicana.- Personal del Palacio Nacional de la Rep\u00fablica Dominicana fue capacitado para realizar una evaluaci\u00f3n inicial de las instalaciones despu\u00e9s de un sismo u otro fen\u00f3meno natural, trascendi\u00f3 hoy.<\/p>\n<div class=\"elementor-element elementor-element-0aea3a0 elementor-widget elementor-widget-theme-post-content\" data-id=\"0aea3a0\" data-element_type=\"widget\" data-e-type=\"widget\" data-widget_type=\"theme-post-content.default\">\n<div class=\"elementor-widget-container\">\n<p>El plan est\u00e1 destinado a fortalecer la capacidad de respuesta ante emergencias y permitir\u00e1 contar con un equipo interno capaz de determinar de manera preliminar las condiciones de las edificaciones, aplicar protocolos de seguridad y establecer si es necesario solicitar una inspecci\u00f3n especializada.<\/p>\n<p>La preparaci\u00f3n est\u00e1 a cargo de la Oficina Nacional de Evaluaci\u00f3n S\u00edsmica y Vulnerabilidad de Infraestructura y Edificaciones (Onesvie), en coordinaci\u00f3n con el Ministerio Administrativo de la Presidencia (Mapre).<\/p>\n<p>El encargado del Departamento de Mitigaci\u00f3n de Riesgo ante Desastres de Onesvie, Jos\u00e9 Cordero, explic\u00f3 que el prop\u00f3sito es desarrollar capacidades propias en el Palacio Nacional, dada la importancia estrat\u00e9gica de sus establecimientos para la continuidad de las funciones del Estado.<\/p>\n<p>Durante la jornada tambi\u00e9n se abord\u00f3 el empleo de herramientas tecnol\u00f3gicas, entre ellas la plataforma Prever de ArcGIS Online, para facilitar el acceso a informaci\u00f3n \u00fatil durante la revisi\u00f3n y la toma de decisiones en situaciones de emergencia.<\/p>\n<\/div>\n<\/div>\n<div class=\"elementor-element elementor-element-4f75016 elementor-widget elementor-widget-post-info\" data-id=\"4f75016\" data-element_type=\"widget\" data-e-type=\"widget\" data-widget_type=\"post-info.default\">\n<div class=\"elementor-widget-container\">\n<ul class=\"elementor-inline-items elementor-icon-list-items elementor-post-info\">\n<li class=\"elementor-icon-list-item elementor-repeater-item-17dda3e elementor-inline-item\"><em><span class=\"elementor-icon-list-text elementor-post-info__item elementor-post-info__item--type-custom\">#<a href=\"https:\/\/primermomento.com\/?p=472957\" rel=\"tag\">emergencias<\/a>\u00a0#<a href=\"https:\/\/primermomento.com\/?p=472957\" rel=\"tag\">sismo<\/a><\/span><\/em><\/li>\n<\/ul>\n<\/div>\n<\/div>\n","protected":false},"excerpt":{"rendered":"<p>Por Prensa Latina SANTO DOMINGO, Rep\u00fablica Dominicana.- Personal del Palacio Nacional de la Rep\u00fablica Dominicana fue capacitado para realizar una evaluaci\u00f3n inicial de las instalaciones despu\u00e9s de un sismo u otro fen\u00f3meno natural, trascendi\u00f3 hoy. El plan est\u00e1 destinado a fortalecer la capacidad de respuesta ante emergencias y permitir\u00e1 contar con un equipo interno capaz [&hellip;]<\/p>\n","protected":false},"author":1,"featured_media":472958,"comment_status":"open","ping_status":"open","sticky":false,"template":"","format":"standard","meta":{"_bbp_topic_count":0,"_bbp_reply_count":0,"_bbp_total_topic_count":0,"_bbp_total_reply_count":0,"_bbp_voice_count":0,"_bbp_anonymous_reply_count":0,"_bbp_topic_count_hidden":0,"_bbp_reply_count_hidden":0,"_bbp_forum_subforum_count":0,"footnotes":""},"categories":[30],"tags":[],"class_list":["post-472957","post","type-post","status-publish","format-standard","has-post-thumbnail","category-actualidad"],"_links":{"self":[{"href":"https:\/\/primermomento.com\/index.php?rest_route=\/wp\/v2\/posts\/472957","targetHints":{"allow":["GET"]}}],"collection":[{"href":"https:\/\/primermomento.com\/index.php?rest_route=\/wp\/v2\/posts"}],"about":[{"href":"https:\/\/primermomento.com\/index.php?rest_route=\/wp\/v2\/types\/post"}],"author":[{"embeddable":true,"href":"https:\/\/primermomento.com\/index.php?rest_route=\/wp\/v2\/users\/1"}],"replies":[{"embeddable":true,"href":"https:\/\/primermomento.com\/index.php?rest_route=%2Fwp%2Fv2%2Fcomments&post=472957"}],"version-history":[{"count":1,"href":"https:\/\/primermomento.com\/index.php?rest_route=\/wp\/v2\/posts\/472957\/revisions"}],"predecessor-version":[{"id":472959,"href":"https:\/\/primermomento.com\/index.php?rest_route=\/wp\/v2\/posts\/472957\/revisions\/472959"}],"wp:featuredmedia":[{"embeddable":true,"href":"https:\/\/primermomento.com\/index.php?rest_route=\/wp\/v2\/media\/472958"}],"wp:attachment":[{"href":"https:\/\/primermomento.com\/index.php?rest_route=%2Fwp%2Fv2%2Fmedia&parent=472957"}],"wp:term":[{"taxonomy":"category","embeddable":true,"href":"https:\/\/primermomento.com\/index.php?rest_route=%2Fwp%2Fv2%2Fcategories&post=472957"},{"taxonomy":"post_tag","embeddable":true,"href":"https:\/\/primermomento.com\/index.php?rest_route=%2Fwp%2Fv2%2Ftags&post=472957"}],"curies":[{"name":"wp","href":"https:\/\/api.w.org\/{rel}","templated":true}]}}