{"id":472960,"date":"2026-09-01T13:26:00","date_gmt":"2026-09-01T17:26:00","guid":{"rendered":"https:\/\/primermomento.com\/?p=472960"},"modified":"2026-09-01T15:23:14","modified_gmt":"2026-09-01T19:23:14","slug":"dominicana-amplia-sistema-de-transporte-con-proyectos-de-movilidad","status":"publish","type":"post","link":"https:\/\/primermomento.com\/?p=472960","title":{"rendered":"Dominicana ampl\u00eda sistema de transporte con proyectos de movilidad"},"content":{"rendered":"<p><strong><em>Por<span style=\"color: #ff0000;\"> Prensa Latina<\/span><\/em><\/strong><\/p>\n<p>SANTO DOMINGO, Reep\u00fablica Dominicana.- Rep\u00fablica Dominicana prev\u00e9 poner en circulaci\u00f3n a finales de este a\u00f1o el monorriel de Santiago de los Caballeros (norte), con capacidad para transportar 20 mil pasajeros por hora por sentido, se conoci\u00f3 hoy.<\/p>\n<div class=\"elementor-element elementor-element-0aea3a0 elementor-widget elementor-widget-theme-post-content\" data-id=\"0aea3a0\" data-element_type=\"widget\" data-e-type=\"widget\" data-widget_type=\"theme-post-content.default\">\n<div class=\"elementor-widget-container\">\n<p>El proyecto forma parte de un conjunto de obras que incluye la ampliaci\u00f3n del Metro y los telef\u00e9ricos, as\u00ed como nuevos corredores urbanos de autobuses, con los cuales el Gobierno busca mejorar la movilidad, elevar la seguridad vial y reducir los tiempos de traslado.<\/p>\n<p>Los detalles fueron ofrecidos por el director ejecutivo de la Oficina para el Reordenamiento del Transporte (Opret), Jhael Isa, y el director del Fideicomiso RD Vial, Hostos Rizik, durante la segunda edici\u00f3n de \u201cLa Agenda Semanal\u201d, encabezada por el presidente Luis Abinader.<\/p>\n<p>Isa explic\u00f3 que desde 2020 los proyectos de transporte masivo incorporaron 38 kil\u00f3metros a los 35 existentes, para llevar la red integrada a un total proyectado de 73 kil\u00f3metros, con obras previstas para ser entregadas antes de finalizar 2028.<\/p>\n<p>Entre los avances mencion\u00f3 el crecimiento de la demanda del telef\u00e9rico de Los Alcarrizos, ubicado al oeste de Santo Domingo, cuyos usuarios diarios aumentaron de cuatro mil a 13 mil, con la meta de superar los 20 mil pasajeros por jornada.<\/p>\n<p>Tambi\u00e9n destac\u00f3 la duplicaci\u00f3n de la capacidad de la L\u00ednea 1 del Metro de Santo Domingo y la incorporaci\u00f3n de la L\u00ednea 2C.<\/p>\n<p>Para finales de 2026 est\u00e1 prevista adem\u00e1s la entrada en funcionamiento del primer tramo del telef\u00e9rico de Santo Domingo Oeste, que enlazar\u00e1 el kil\u00f3metro nueve, Buenos Aires de Herrera y Pintura, punto por el que transitan m\u00e1s de 20 mil pasajeros diariamente.<\/p>\n<p>La obra contempla una segunda etapa para conectar El Caf\u00e9 de Herrera y Los Minas de Herrera con Quitasue\u00f1o, en Haina, tramo cuya conclusi\u00f3n est\u00e1 proyectada para finales de 2027.<\/p>\n<p>En paralelo, RD Vial avanza en la transformaci\u00f3n del sistema de cobro en las estaciones de peaje, con la eliminaci\u00f3n gradual de las casetas para pagos en efectivo y su sustituci\u00f3n por v\u00edas automatizadas.<\/p>\n<p>Rizik Lugo explic\u00f3 que el plan tambi\u00e9n contempla ampliar los carriles exclusivos para usuarios de Paso R\u00e1pido.<\/p>\n<p>La primera fase establecer\u00e1 seis carriles por estaci\u00f3n: tres expresos y tres destinados al pago en efectivo. Estos \u00faltimos ser\u00e1n reducidos progresivamente a medida que avance la automatizaci\u00f3n del sistema.<\/p>\n<\/div>\n<\/div>\n<div class=\"elementor-element elementor-element-4f75016 elementor-widget elementor-widget-post-info\" data-id=\"4f75016\" data-element_type=\"widget\" data-e-type=\"widget\" data-widget_type=\"post-info.default\">\n<div class=\"elementor-widget-container\">\n<ul class=\"elementor-inline-items elementor-icon-list-items elementor-post-info\">\n<li class=\"elementor-icon-list-item elementor-repeater-item-17dda3e elementor-inline-item\"><em><span class=\"elementor-icon-list-text elementor-post-info__item elementor-post-info__item--type-custom\">#<a href=\"https:\/\/primermomento.com\/?p=472960\" rel=\"tag\">proyectos de movilidad<\/a>\u00a0#<a href=\"https:\/\/primermomento.com\/?p=472960\" rel=\"tag\">transporte<\/a><\/span><\/em><\/li>\n<\/ul>\n<\/div>\n<\/div>\n","protected":false},"excerpt":{"rendered":"<p>Por Prensa Latina SANTO DOMINGO, Reep\u00fablica Dominicana.- Rep\u00fablica Dominicana prev\u00e9 poner en circulaci\u00f3n a finales de este a\u00f1o el monorriel de Santiago de los Caballeros (norte), con capacidad para transportar 20 mil pasajeros por hora por sentido, se conoci\u00f3 hoy. El proyecto forma parte de un conjunto de obras que incluye la ampliaci\u00f3n del Metro [&hellip;]<\/p>\n","protected":false},"author":1,"featured_media":472961,"comment_status":"open","ping_status":"open","sticky":false,"template":"","format":"standard","meta":{"_bbp_topic_count":0,"_bbp_reply_count":0,"_bbp_total_topic_count":0,"_bbp_total_reply_count":0,"_bbp_voice_count":0,"_bbp_anonymous_reply_count":0,"_bbp_topic_count_hidden":0,"_bbp_reply_count_hidden":0,"_bbp_forum_subforum_count":0,"footnotes":""},"categories":[38],"tags":[],"class_list":["post-472960","post","type-post","status-publish","format-standard","has-post-thumbnail","category-sociedad"],"_links":{"self":[{"href":"https:\/\/primermomento.com\/index.php?rest_route=\/wp\/v2\/posts\/472960","targetHints":{"allow":["GET"]}}],"collection":[{"href":"https:\/\/primermomento.com\/index.php?rest_route=\/wp\/v2\/posts"}],"about":[{"href":"https:\/\/primermomento.com\/index.php?rest_route=\/wp\/v2\/types\/post"}],"author":[{"embeddable":true,"href":"https:\/\/primermomento.com\/index.php?rest_route=\/wp\/v2\/users\/1"}],"replies":[{"embeddable":true,"href":"https:\/\/primermomento.com\/index.php?rest_route=%2Fwp%2Fv2%2Fcomments&post=472960"}],"version-history":[{"count":1,"href":"https:\/\/primermomento.com\/index.php?rest_route=\/wp\/v2\/posts\/472960\/revisions"}],"predecessor-version":[{"id":472962,"href":"https:\/\/primermomento.com\/index.php?rest_route=\/wp\/v2\/posts\/472960\/revisions\/472962"}],"wp:featuredmedia":[{"embeddable":true,"href":"https:\/\/primermomento.com\/index.php?rest_route=\/wp\/v2\/media\/472961"}],"wp:attachment":[{"href":"https:\/\/primermomento.com\/index.php?rest_route=%2Fwp%2Fv2%2Fmedia&parent=472960"}],"wp:term":[{"taxonomy":"category","embeddable":true,"href":"https:\/\/primermomento.com\/index.php?rest_route=%2Fwp%2Fv2%2Fcategories&post=472960"},{"taxonomy":"post_tag","embeddable":true,"href":"https:\/\/primermomento.com\/index.php?rest_route=%2Fwp%2Fv2%2Ftags&post=472960"}],"curies":[{"name":"wp","href":"https:\/\/api.w.org\/{rel}","templated":true}]}}