{"id":472972,"date":"2026-09-01T07:15:45","date_gmt":"2026-09-01T11:15:45","guid":{"rendered":"https:\/\/primermomento.com\/?p=472972"},"modified":"2026-09-01T16:25:56","modified_gmt":"2026-09-01T20:25:56","slug":"relacionan-vitamina-b12-con-menos-riesgo-de-defectos-congenitos","status":"publish","type":"post","link":"https:\/\/primermomento.com\/?p=472972","title":{"rendered":"Relacionan vitamina B12 con menos riesgo de defectos cong\u00e9nitos"},"content":{"rendered":"<p><em><strong>Por <span style=\"color: #ff0000;\">Prensa Latina<\/span><\/strong><\/em><\/p>\n<p>Londres, INGLATERRA.- Un estudio hizo posible cuantificar la relaci\u00f3n entre la vitamina B12 parental y el folato en los gl\u00f3bulos rojos (GR) con los defectos cong\u00e9nitos, inform\u00f3 hoy una revista especializada.<\/p>\n<div class=\"elementor-element elementor-element-0aea3a0 elementor-widget elementor-widget-theme-post-content\" data-id=\"0aea3a0\" data-element_type=\"widget\" data-e-type=\"widget\" data-widget_type=\"theme-post-content.default\">\n<div class=\"elementor-widget-container\">\n<p>Los investigadores descubrieron \u201cque a niveles m\u00e1s altos de vitamina B12 de la madre y el padre antes de la concepci\u00f3n, y elevadas concentraciones de folato en los GR maternos despu\u00e9s de la concepci\u00f3n se asociaron con un menor riesgo de defectos cong\u00e9nitos\u201d.<\/p>\n<p>Este estudio \u2013publicado en la revista Annals of internal Medicine-sugiere que el estado nutricional de ambos padres en el momento de la concepci\u00f3n podr\u00eda influir en la prevenci\u00f3n de anomal\u00edas de nacimiento.<\/p>\n<p>Los especialistas midieron los niveles de vitamina B12 y folato y examinaron su relaci\u00f3n con los defectos cong\u00e9nitos identificados en nacimientos vivos, mortinatos y embarazos que terminaron debido a alteraciones fetales.<\/p>\n<p>Descubrieron que niveles m\u00e1s altos de vitamina B12 materna y paterna antes de la concepci\u00f3n se asociaban con una menor prevalencia prevista de defectos cong\u00e9nitos, y que las madres con niveles adecuados de folato en los gl\u00f3bulos rojos al inicio del embarazo tambi\u00e9n presentaban una menor prevalencia prevista de defectos cong\u00e9nitos<\/p>\n<p>Los cient\u00edficos concluyeron que es sumamente importante la nutrici\u00f3n tanto paterna como materna durante el per\u00edodo periconcepcional y el inicio del embarazo.<\/p>\n<p>De acuerdo con la literatura m\u00e9dica, la vitamina B12 es hidrosoluble, es decir, se disuelve en agua.<\/p>\n<p>Despu\u00e9s de que el cuerpo la utiliza, las cantidades sobrantes salen del organismo a trav\u00e9s de la orina.<\/p>\n<p>El cuerpo almacena la vitamina B12 en el h\u00edgado, y este guarda la cantidad necesaria por algunos a\u00f1os.<\/p>\n<p>La vitamina B12, al igual que las otras del complejo B, es importante para el metabolismo de prote\u00ednas, pues ayuda a la formaci\u00f3n de gl\u00f3bulos rojos y al mantenimiento del sistema nervioso.<\/p>\n<p>La vitamina B12 se encuentra naturalmente en alimentos de origen animal, como pescado, carne, aves, huevos, leche y productos l\u00e1cteos.<\/p>\n<p>Esta no est\u00e1 presente en los alimentos vegetales a menos que est\u00e9n fortificados.<\/p>\n<\/div>\n<\/div>\n<div class=\"elementor-element elementor-element-4f75016 elementor-widget elementor-widget-post-info\" data-id=\"4f75016\" data-element_type=\"widget\" data-e-type=\"widget\" data-widget_type=\"post-info.default\">\n<div class=\"elementor-widget-container\">\n<ul class=\"elementor-inline-items elementor-icon-list-items elementor-post-info\">\n<li class=\"elementor-icon-list-item elementor-repeater-item-17dda3e elementor-inline-item\"><em><span class=\"elementor-icon-list-text elementor-post-info__item elementor-post-info__item--type-custom\">#<a href=\"https:\/\/primermomento.com\/?p=472972\" rel=\"tag\">congenita<\/a>\u00a0#<a href=\"https:\/\/primermomento.com\/?p=472972\" rel=\"tag\">defecto<\/a>\u00a0#<a href=\"https:\/\/primermomento.com\/?p=472972\" rel=\"tag\">vitaminab12<\/a><\/span><\/em><\/li>\n<\/ul>\n<\/div>\n<\/div>\n","protected":false},"excerpt":{"rendered":"<p>Por Prensa Latina Londres, INGLATERRA.- Un estudio hizo posible cuantificar la relaci\u00f3n entre la vitamina B12 parental y el folato en los gl\u00f3bulos rojos (GR) con los defectos cong\u00e9nitos, inform\u00f3 hoy una revista especializada. Los investigadores descubrieron \u201cque a niveles m\u00e1s altos de vitamina B12 de la madre y el padre antes de la concepci\u00f3n, [&hellip;]<\/p>\n","protected":false},"author":1,"featured_media":472973,"comment_status":"open","ping_status":"open","sticky":false,"template":"","format":"standard","meta":{"_bbp_topic_count":0,"_bbp_reply_count":0,"_bbp_total_topic_count":0,"_bbp_total_reply_count":0,"_bbp_voice_count":0,"_bbp_anonymous_reply_count":0,"_bbp_topic_count_hidden":0,"_bbp_reply_count_hidden":0,"_bbp_forum_subforum_count":0,"footnotes":""},"categories":[36],"tags":[],"class_list":["post-472972","post","type-post","status-publish","format-standard","has-post-thumbnail","category-salud"],"_links":{"self":[{"href":"https:\/\/primermomento.com\/index.php?rest_route=\/wp\/v2\/posts\/472972","targetHints":{"allow":["GET"]}}],"collection":[{"href":"https:\/\/primermomento.com\/index.php?rest_route=\/wp\/v2\/posts"}],"about":[{"href":"https:\/\/primermomento.com\/index.php?rest_route=\/wp\/v2\/types\/post"}],"author":[{"embeddable":true,"href":"https:\/\/primermomento.com\/index.php?rest_route=\/wp\/v2\/users\/1"}],"replies":[{"embeddable":true,"href":"https:\/\/primermomento.com\/index.php?rest_route=%2Fwp%2Fv2%2Fcomments&post=472972"}],"version-history":[{"count":1,"href":"https:\/\/primermomento.com\/index.php?rest_route=\/wp\/v2\/posts\/472972\/revisions"}],"predecessor-version":[{"id":472974,"href":"https:\/\/primermomento.com\/index.php?rest_route=\/wp\/v2\/posts\/472972\/revisions\/472974"}],"wp:featuredmedia":[{"embeddable":true,"href":"https:\/\/primermomento.com\/index.php?rest_route=\/wp\/v2\/media\/472973"}],"wp:attachment":[{"href":"https:\/\/primermomento.com\/index.php?rest_route=%2Fwp%2Fv2%2Fmedia&parent=472972"}],"wp:term":[{"taxonomy":"category","embeddable":true,"href":"https:\/\/primermomento.com\/index.php?rest_route=%2Fwp%2Fv2%2Fcategories&post=472972"},{"taxonomy":"post_tag","embeddable":true,"href":"https:\/\/primermomento.com\/index.php?rest_route=%2Fwp%2Fv2%2Ftags&post=472972"}],"curies":[{"name":"wp","href":"https:\/\/api.w.org\/{rel}","templated":true}]}}