{"id":472975,"date":"2026-09-01T19:52:43","date_gmt":"2026-09-01T23:52:43","guid":{"rendered":"https:\/\/primermomento.com\/?p=472975"},"modified":"2026-09-01T19:52:43","modified_gmt":"2026-09-01T23:52:43","slug":"dominicana-incorpora-a-policias-a-consulta-para-prevenir-violencia","status":"publish","type":"post","link":"https:\/\/primermomento.com\/?p=472975","title":{"rendered":"Dominicana incorpora a polic\u00edas a consulta para prevenir violencia"},"content":{"rendered":"<p><strong><em>Por <span style=\"color: #ff0000;\">Prensa Latina<\/span><\/em><\/strong><\/p>\n<p>SANTO DOMINGO, Rep\u00fablica Dominicana.- Rep\u00fablica Dominicana incorpor\u00f3 hoy a cientos de agentes de la Polic\u00eda Nacional a una consulta destinada a recoger experiencias y propuestas de hombres de distintos sectores sociales para fortalecer la prevenci\u00f3n de la violencia de g\u00e9nero.<\/p>\n<div class=\"elementor-element elementor-element-0aea3a0 elementor-widget elementor-widget-theme-post-content\" data-id=\"0aea3a0\" data-element_type=\"widget\" data-e-type=\"widget\" data-widget_type=\"theme-post-content.default\">\n<div class=\"elementor-widget-container\">\n<p>La participaci\u00f3n de los agentes tuvo lugar durante el panel \u201cVoces que aportan soluciones desde la poblaci\u00f3n masculina\u201d, organizado por el Ministerio de la Mujer y la Polic\u00eda Nacional como parte de la Consulta Nacional para la Reducci\u00f3n de Riesgos de Violencia hacia las Mujeres.<\/p>\n<p>El encuentro procur\u00f3 propiciar un intercambio directo con los uniformados sobre el papel de los varones en la mitigaci\u00f3n de conductas agresivas y recopilar aportes que contribuyan a mejorar las acciones y respuestas institucionales.<\/p>\n<p>La ministra de la Mujer, Gloria Reyes, destac\u00f3 la importancia de involucrar a la Polic\u00eda Nacional debido a su presencia en todo el territorio y al contacto permanente de sus integrantes con las comunidades.<\/p>\n<p>Seg\u00fan explic\u00f3, esa cercan\u00eda permite a los agentes identificar situaciones que afectan la convivencia, la seguridad familiar y la tranquilidad en los barrios.<\/p>\n<p>Durante el panel se analizaron asuntos relacionados con la construcci\u00f3n de masculinidades sustentadas en el respeto y la igualdad, la identificaci\u00f3n de se\u00f1ales de alerta y la reducci\u00f3n de comportamientos violentos.<\/p>\n<p>Tambi\u00e9n se abordaron factores individuales, familiares, sociales e institucionales que pueden favorecer estas conductas, as\u00ed como herramientas para manejar emociones como la ira, los celos y la frustraci\u00f3n sin recurrir al maltrato.<\/p>\n<p>Otro de los temas tratados fue la responsabilidad de los hombres cuando conocen casos de abuso en su entorno, la importancia de evitar la revictimizaci\u00f3n de las mujeres que denuncian y la necesidad de superar la idea de que la violencia intrafamiliar constituye un asunto privado.<\/p>\n<p>La jornada concluy\u00f3 con la explicaci\u00f3n del instrumento de la Consulta Nacional y su aplicaci\u00f3n a los participantes. Las opiniones y propuestas recogidas ser\u00e1n utilizadas como insumos para las recomendaciones que resulten del proceso.<\/p>\n<p>El panel estuvo encabezado por Gloria Reyes y el subdirector general de la Polic\u00eda Nacional, general Esteban Figuereo Garc\u00eda, con la participaci\u00f3n de especialistas del Ministerio P\u00fablico, la Polic\u00eda y el Ministerio de la Mujer.<\/p>\n<\/div>\n<\/div>\n<div class=\"elementor-element elementor-element-4f75016 elementor-widget elementor-widget-post-info\" data-id=\"4f75016\" data-element_type=\"widget\" data-e-type=\"widget\" data-widget_type=\"post-info.default\">\n<div class=\"elementor-widget-container\">\n<ul class=\"elementor-inline-items elementor-icon-list-items elementor-post-info\">\n<li class=\"elementor-icon-list-item elementor-repeater-item-17dda3e elementor-inline-item\"><span class=\"elementor-icon-list-text elementor-post-info__item elementor-post-info__item--type-custom\">#<em><a href=\"https:\/\/primermomento.com\/?p=472975\" rel=\"tag\">consulta<\/a><\/em><\/span><\/li>\n<\/ul>\n<\/div>\n<\/div>\n","protected":false},"excerpt":{"rendered":"<p>Por Prensa Latina SANTO DOMINGO, Rep\u00fablica Dominicana.- Rep\u00fablica Dominicana incorpor\u00f3 hoy a cientos de agentes de la Polic\u00eda Nacional a una consulta destinada a recoger experiencias y propuestas de hombres de distintos sectores sociales para fortalecer la prevenci\u00f3n de la violencia de g\u00e9nero. La participaci\u00f3n de los agentes tuvo lugar durante el panel \u201cVoces que [&hellip;]<\/p>\n","protected":false},"author":1,"featured_media":472976,"comment_status":"open","ping_status":"open","sticky":false,"template":"","format":"standard","meta":{"_bbp_topic_count":0,"_bbp_reply_count":0,"_bbp_total_topic_count":0,"_bbp_total_reply_count":0,"_bbp_voice_count":0,"_bbp_anonymous_reply_count":0,"_bbp_topic_count_hidden":0,"_bbp_reply_count_hidden":0,"_bbp_forum_subforum_count":0,"footnotes":""},"categories":[30],"tags":[],"class_list":["post-472975","post","type-post","status-publish","format-standard","has-post-thumbnail","category-actualidad"],"_links":{"self":[{"href":"https:\/\/primermomento.com\/index.php?rest_route=\/wp\/v2\/posts\/472975","targetHints":{"allow":["GET"]}}],"collection":[{"href":"https:\/\/primermomento.com\/index.php?rest_route=\/wp\/v2\/posts"}],"about":[{"href":"https:\/\/primermomento.com\/index.php?rest_route=\/wp\/v2\/types\/post"}],"author":[{"embeddable":true,"href":"https:\/\/primermomento.com\/index.php?rest_route=\/wp\/v2\/users\/1"}],"replies":[{"embeddable":true,"href":"https:\/\/primermomento.com\/index.php?rest_route=%2Fwp%2Fv2%2Fcomments&post=472975"}],"version-history":[{"count":1,"href":"https:\/\/primermomento.com\/index.php?rest_route=\/wp\/v2\/posts\/472975\/revisions"}],"predecessor-version":[{"id":472977,"href":"https:\/\/primermomento.com\/index.php?rest_route=\/wp\/v2\/posts\/472975\/revisions\/472977"}],"wp:featuredmedia":[{"embeddable":true,"href":"https:\/\/primermomento.com\/index.php?rest_route=\/wp\/v2\/media\/472976"}],"wp:attachment":[{"href":"https:\/\/primermomento.com\/index.php?rest_route=%2Fwp%2Fv2%2Fmedia&parent=472975"}],"wp:term":[{"taxonomy":"category","embeddable":true,"href":"https:\/\/primermomento.com\/index.php?rest_route=%2Fwp%2Fv2%2Fcategories&post=472975"},{"taxonomy":"post_tag","embeddable":true,"href":"https:\/\/primermomento.com\/index.php?rest_route=%2Fwp%2Fv2%2Ftags&post=472975"}],"curies":[{"name":"wp","href":"https:\/\/api.w.org\/{rel}","templated":true}]}}