{"id":472986,"date":"2026-09-02T07:33:03","date_gmt":"2026-09-02T11:33:03","guid":{"rendered":"https:\/\/primermomento.com\/?p=472986"},"modified":"2026-09-02T07:33:03","modified_gmt":"2026-09-02T11:33:03","slug":"retiran-del-mercado-de-ny-nj-ct-y-pa-mangos-por-riesgo-de-salmonela","status":"publish","type":"post","link":"https:\/\/primermomento.com\/?p=472986","title":{"rendered":"Retiran del mercado de NY, NJ, CT y PA mangos por riesgo de salmonela"},"content":{"rendered":"<p><strong><em>Por <span style=\"color: #ff0000;\">Ram\u00f3n Mercedes<\/span><\/em><\/strong><\/p>\n<p>Nueva York, EEUU.- La Administraci\u00f3n de Alimentos y Medicamentos de los Estados Unidos (FDA) publica que los mangos distribuidos en Nueva York, Nueva Jersey, Connecticut y Pensilvania, donde reside m\u00e1s de un mill\u00f3n de dominicanos, entre otras etanis, est\u00e1n siendo retirados del mercado debido a una posible contaminaci\u00f3n por Salmonella.<\/p>\n<p>Los mangos\u00a0est\u00e1n empaquetados en una caja de la marca Martina y fueron distribuidos por Panorama Produce.\u00a0Cada\u00a0uno\u00a0tiene una etiqueta azul claro que dice \u201cAgrofepac, Producto de M\u00e9xico\u201d. La etiqueta tambi\u00e9n tiene el n\u00famero PLU 4584 y el n\u00famero UPC 07503061948050.<\/p>\n<p>Seg\u00fan la FDA, los mangos se distribuyeron entre el 10 y el 21 de agosto y tambi\u00e9n se vendieron en tiendas Walmart seleccionadas.<\/p>\n<p>Los consumidores deben desechar los productos retirados del mercado o devolverlos al lugar de compra.<\/p>\n<p>La Salmonella es una enfermedad bacteriana com\u00fan que afecta el tubo intestinal, generalmente vive en los intestinos de animales, humanos y se expulsa mediante las heces. La forma m\u00e1s frecuente de infecci\u00f3n en los humanos es a trav\u00e9s de agua o alimentos contaminados.<\/p>\n","protected":false},"excerpt":{"rendered":"<p>Por Ram\u00f3n Mercedes Nueva York, EEUU.- La Administraci\u00f3n de Alimentos y Medicamentos de los Estados Unidos (FDA) publica que los mangos distribuidos en Nueva York, Nueva Jersey, Connecticut y Pensilvania, donde reside m\u00e1s de un mill\u00f3n de dominicanos, entre otras etanis, est\u00e1n siendo retirados del mercado debido a una posible contaminaci\u00f3n por Salmonella. Los mangos\u00a0est\u00e1n [&hellip;]<\/p>\n","protected":false},"author":1,"featured_media":472987,"comment_status":"open","ping_status":"open","sticky":false,"template":"","format":"standard","meta":{"_bbp_topic_count":0,"_bbp_reply_count":0,"_bbp_total_topic_count":0,"_bbp_total_reply_count":0,"_bbp_voice_count":0,"_bbp_anonymous_reply_count":0,"_bbp_topic_count_hidden":0,"_bbp_reply_count_hidden":0,"_bbp_forum_subforum_count":0,"footnotes":""},"categories":[30],"tags":[],"class_list":["post-472986","post","type-post","status-publish","format-standard","has-post-thumbnail","category-actualidad"],"_links":{"self":[{"href":"https:\/\/primermomento.com\/index.php?rest_route=\/wp\/v2\/posts\/472986","targetHints":{"allow":["GET"]}}],"collection":[{"href":"https:\/\/primermomento.com\/index.php?rest_route=\/wp\/v2\/posts"}],"about":[{"href":"https:\/\/primermomento.com\/index.php?rest_route=\/wp\/v2\/types\/post"}],"author":[{"embeddable":true,"href":"https:\/\/primermomento.com\/index.php?rest_route=\/wp\/v2\/users\/1"}],"replies":[{"embeddable":true,"href":"https:\/\/primermomento.com\/index.php?rest_route=%2Fwp%2Fv2%2Fcomments&post=472986"}],"version-history":[{"count":1,"href":"https:\/\/primermomento.com\/index.php?rest_route=\/wp\/v2\/posts\/472986\/revisions"}],"predecessor-version":[{"id":472988,"href":"https:\/\/primermomento.com\/index.php?rest_route=\/wp\/v2\/posts\/472986\/revisions\/472988"}],"wp:featuredmedia":[{"embeddable":true,"href":"https:\/\/primermomento.com\/index.php?rest_route=\/wp\/v2\/media\/472987"}],"wp:attachment":[{"href":"https:\/\/primermomento.com\/index.php?rest_route=%2Fwp%2Fv2%2Fmedia&parent=472986"}],"wp:term":[{"taxonomy":"category","embeddable":true,"href":"https:\/\/primermomento.com\/index.php?rest_route=%2Fwp%2Fv2%2Fcategories&post=472986"},{"taxonomy":"post_tag","embeddable":true,"href":"https:\/\/primermomento.com\/index.php?rest_route=%2Fwp%2Fv2%2Ftags&post=472986"}],"curies":[{"name":"wp","href":"https:\/\/api.w.org\/{rel}","templated":true}]}}