{"id":472989,"date":"2026-09-02T07:25:07","date_gmt":"2026-09-02T11:25:07","guid":{"rendered":"https:\/\/primermomento.com\/?p=472989"},"modified":"2026-09-02T07:35:18","modified_gmt":"2026-09-02T11:35:18","slug":"aumentan-graves-agresiones-contra-ancianos-en-nueva-york","status":"publish","type":"post","link":"https:\/\/primermomento.com\/?p=472989","title":{"rendered":"Aumentan graves agresiones contra ancianos en Nueva York"},"content":{"rendered":"<p><em><b>Por <span style=\"color: #ff0000;\">Ram\u00f3n Mercedes<\/span><\/b><\/em><\/p>\n<p>Nueva York, EEUU.- Las agresiones f\u00edsicas graves contra envejecientes en esta ciudad han aumentado dr\u00e1sticamente desde 2018, seg\u00fan un informe de la Polic\u00eda de Nueva York (NYPD).<\/p>\n<p>Se considera envejecientes a las personas en la tercera edad, generalmente a partir de los 65 a\u00f1os. Seg\u00fan las estimaciones m\u00e1s recientes de la Oficina del Censo, NYC cuenta con alrededor de 1.43 millones de personas de 65 a\u00f1os o m\u00e1s.<\/p>\n<p>De ellas, unas 421 mil residen en Queens; 418 mil en Brooklyn; 306 mil en Manhattan; 207 mil en El Bronx, y 87 mil en Staten Island. La Polic\u00eda informa que las agresiones graves contra personas de 70 a\u00f1os o m\u00e1s han aumentado un 143 % desde 2018.<\/p>\n<p>Ese a\u00f1o se registraron 870 casos, una cifra considerablemente inferior a la actual. En lo que va del presente a\u00f1o, la Polic\u00eda ha registrado 2,112 agresiones graves contra personas mayores, frente a 1,853 durante el mismo per\u00edodo de 2025, un incremento del 14 %.<\/p>\n<p>Muchos de los agresores han sido arrestados, mientras que otros permanecen pr\u00f3fugos. La Polic\u00eda precisa que numerosos responsables de estos ataques son reincidentes. Entre los casos recientes figura el de una mujer de 81 a\u00f1os, atacada el pasado 16 de julio en Jackson Heights, Queens.<\/p>\n<p>Un hombre inici\u00f3 una discusi\u00f3n con ella en la v\u00eda p\u00fablica, alrededor de las 7:45 de la ma\u00f1ana, y posteriormente la golpe\u00f3 en el rostro y la cabeza antes de escapar.<\/p>\n<p>Asimismo, un hombre de 72 a\u00f1os fue empujado el 9 de agosto desde el and\u00e9n hacia las v\u00edas del metro en la estaci\u00f3n 47th\u201350th Streets\u2013Rockefeller Center, en Midtown Manhattan. De acuerdo con las autoridades, un individuo se le acerc\u00f3 por detr\u00e1s y lo lanz\u00f3 a las v\u00edas.<\/p>\n<p>En otro incidente, una mujer de 85 a\u00f1os qued\u00f3 inconsciente y sufri\u00f3 una hemorragia cerebral tras ser empujada al suelo sin provocaci\u00f3n aparente, en la intersecci\u00f3n de la calle 16 con Union Square, en Manhattan, el pasado 1 de junio.<\/p>\n<p>Michael Alcazar, detective retirado de la Polic\u00eda y profesor adjunto del John Jay College of Criminal Justice, atribuy\u00f3 parte del problema a la reincidencia y al sistema de justicia penal. Algunos delincuentes son detenidos y luego liberados, afirm\u00f3.<\/p>\n","protected":false},"excerpt":{"rendered":"<p>Por Ram\u00f3n Mercedes Nueva York, EEUU.- Las agresiones f\u00edsicas graves contra envejecientes en esta ciudad han aumentado dr\u00e1sticamente desde 2018, seg\u00fan un informe de la Polic\u00eda de Nueva York (NYPD). Se considera envejecientes a las personas en la tercera edad, generalmente a partir de los 65 a\u00f1os. Seg\u00fan las estimaciones m\u00e1s recientes de la Oficina [&hellip;]<\/p>\n","protected":false},"author":1,"featured_media":472990,"comment_status":"open","ping_status":"open","sticky":false,"template":"","format":"standard","meta":{"_bbp_topic_count":0,"_bbp_reply_count":0,"_bbp_total_topic_count":0,"_bbp_total_reply_count":0,"_bbp_voice_count":0,"_bbp_anonymous_reply_count":0,"_bbp_topic_count_hidden":0,"_bbp_reply_count_hidden":0,"_bbp_forum_subforum_count":0,"footnotes":""},"categories":[30],"tags":[],"class_list":["post-472989","post","type-post","status-publish","format-standard","has-post-thumbnail","category-actualidad"],"_links":{"self":[{"href":"https:\/\/primermomento.com\/index.php?rest_route=\/wp\/v2\/posts\/472989","targetHints":{"allow":["GET"]}}],"collection":[{"href":"https:\/\/primermomento.com\/index.php?rest_route=\/wp\/v2\/posts"}],"about":[{"href":"https:\/\/primermomento.com\/index.php?rest_route=\/wp\/v2\/types\/post"}],"author":[{"embeddable":true,"href":"https:\/\/primermomento.com\/index.php?rest_route=\/wp\/v2\/users\/1"}],"replies":[{"embeddable":true,"href":"https:\/\/primermomento.com\/index.php?rest_route=%2Fwp%2Fv2%2Fcomments&post=472989"}],"version-history":[{"count":1,"href":"https:\/\/primermomento.com\/index.php?rest_route=\/wp\/v2\/posts\/472989\/revisions"}],"predecessor-version":[{"id":472991,"href":"https:\/\/primermomento.com\/index.php?rest_route=\/wp\/v2\/posts\/472989\/revisions\/472991"}],"wp:featuredmedia":[{"embeddable":true,"href":"https:\/\/primermomento.com\/index.php?rest_route=\/wp\/v2\/media\/472990"}],"wp:attachment":[{"href":"https:\/\/primermomento.com\/index.php?rest_route=%2Fwp%2Fv2%2Fmedia&parent=472989"}],"wp:term":[{"taxonomy":"category","embeddable":true,"href":"https:\/\/primermomento.com\/index.php?rest_route=%2Fwp%2Fv2%2Fcategories&post=472989"},{"taxonomy":"post_tag","embeddable":true,"href":"https:\/\/primermomento.com\/index.php?rest_route=%2Fwp%2Fv2%2Ftags&post=472989"}],"curies":[{"name":"wp","href":"https:\/\/api.w.org\/{rel}","templated":true}]}}