{"id":472997,"date":"2026-09-02T07:15:16","date_gmt":"2026-09-02T11:15:16","guid":{"rendered":"https:\/\/primermomento.com\/?p=472997"},"modified":"2026-09-02T09:00:32","modified_gmt":"2026-09-02T13:00:32","slug":"guardia-revolucionaria-irani-promete-represalias-tras-ataques-de-eeuu","status":"publish","type":"post","link":"https:\/\/primermomento.com\/?p=472997","title":{"rendered":"Guardia Revolucionaria iran\u00ed promete represalias tras ataques de EEUU"},"content":{"rendered":"<p><iframe loading=\"lazy\" title=\"Nuevos ataques de EE.UU. contra Ir\u00e1n dejan al menos 11 muertos y decenas de heridos\" width=\"696\" height=\"392\" src=\"https:\/\/www.youtube.com\/embed\/yvyNOeVrLvY?start=1&amp;feature=oembed\" frameborder=\"0\" allow=\"accelerometer; autoplay; clipboard-write; encrypted-media; gyroscope; picture-in-picture; web-share\" referrerpolicy=\"strict-origin-when-cross-origin\" allowfullscreen><\/iframe><\/p>\n<p><strong><em>Por <span style=\"color: #ff0000;\">Prensa Latina<\/span><\/em><\/strong><\/p>\n<p>Teher\u00e1n, IR\u00c1N.- La Guardia Revolucionaria de Ir\u00e1n prometi\u00f3 hoy represalias por los recientes ataques estadounidenses y afirm\u00f3 que esas operaciones reforzaron a\u00fan m\u00e1s el cierre del estrecho de Ormuz.<\/p>\n<div class=\"elementor-element elementor-element-0aea3a0 elementor-widget elementor-widget-theme-post-content\" data-id=\"0aea3a0\" data-element_type=\"widget\" data-e-type=\"widget\" data-widget_type=\"theme-post-content.default\">\n<div class=\"elementor-widget-container\">\n<p>En un comunicado difundido por la agencia oficial IRNA, la instituci\u00f3n militar asegur\u00f3 que los ataques de Estados Unidos contra objetivos en el sur del pa\u00eds, incluidos, seg\u00fan la fuente, sectores civiles, incrementaron la determinaci\u00f3n de sus fuerzas para enfrentar la presencia extranjera en esa estrat\u00e9gica v\u00eda mar\u00edtima.<\/p>\n<p><img loading=\"lazy\" decoding=\"async\" class=\"size-medium wp-image-472998 alignleft\" src=\"https:\/\/primermomento.com\/wp-content\/uploads\/2026\/09\/iran-ataques1-1-1-300x165.jpg\" alt=\"\" width=\"300\" height=\"165\" srcset=\"https:\/\/primermomento.com\/wp-content\/uploads\/2026\/09\/iran-ataques1-1-1-300x165.jpg 300w, https:\/\/primermomento.com\/wp-content\/uploads\/2026\/09\/iran-ataques1-1-1-768x422.jpg 768w, https:\/\/primermomento.com\/wp-content\/uploads\/2026\/09\/iran-ataques1-1-1-696x383.jpg 696w, https:\/\/primermomento.com\/wp-content\/uploads\/2026\/09\/iran-ataques1-1-1.jpg 1024w\" sizes=\"auto, (max-width: 300px) 100vw, 300px\" \/>La Guardia Revolucionaria advirti\u00f3 adem\u00e1s que responder\u00e1 de forma que los responsables de los ataques \u201cse arrepientan de sus actos\u201d.<\/p>\n<p>El comunicado se\u00f1al\u00f3 tambi\u00e9n que las fuerzas iran\u00edes derribaron un dron estadounidense MQ-9 Reaper n\u00famero 50, aunque no ofreci\u00f3 m\u00e1s detalles sobre el incidente.<\/p>\n<p>La instituci\u00f3n indic\u00f3 que posteriormente divulgar\u00e1 informaci\u00f3n sobre las operaciones de represalia.<\/p>\n<p>El Comando Central de Estados Unidos (Centcom) anunci\u00f3 la noche del martes el inicio de ataques contra objetivos de la Guardia Revolucionaria iran\u00ed.<\/p>\n<p>Tras ese anuncio, medios iran\u00edes reportaron explosiones en la isla de Qeshm y en las ciudades de Bandar Abbas, Sirik, Chabahar y Konarak, en el sur de Ir\u00e1n.<\/p>\n<\/div>\n<\/div>\n<div class=\"elementor-element elementor-element-4f75016 elementor-widget elementor-widget-post-info\" data-id=\"4f75016\" data-element_type=\"widget\" data-e-type=\"widget\" data-widget_type=\"post-info.default\">\n<div class=\"elementor-widget-container\">\n<ul class=\"elementor-inline-items elementor-icon-list-items elementor-post-info\">\n<li class=\"elementor-icon-list-item elementor-repeater-item-17dda3e elementor-inline-item\"><em><span class=\"elementor-icon-list-text elementor-post-info__item elementor-post-info__item--type-custom\">#<a href=\"https:\/\/primermomento.com\/?p=472997\" rel=\"tag\">eeuu<\/a>\u00a0#<a href=\"https:\/\/primermomento.com\/?p=472997\" rel=\"tag\">ormuz<\/a><\/span><\/em><\/li>\n<\/ul>\n<\/div>\n<\/div>\n","protected":false},"excerpt":{"rendered":"<p>Por Prensa Latina Teher\u00e1n, IR\u00c1N.- La Guardia Revolucionaria de Ir\u00e1n prometi\u00f3 hoy represalias por los recientes ataques estadounidenses y afirm\u00f3 que esas operaciones reforzaron a\u00fan m\u00e1s el cierre del estrecho de Ormuz. En un comunicado difundido por la agencia oficial IRNA, la instituci\u00f3n militar asegur\u00f3 que los ataques de Estados Unidos contra objetivos en el [&hellip;]<\/p>\n","protected":false},"author":1,"featured_media":472998,"comment_status":"open","ping_status":"open","sticky":false,"template":"","format":"video","meta":{"_bbp_topic_count":0,"_bbp_reply_count":0,"_bbp_total_topic_count":0,"_bbp_total_reply_count":0,"_bbp_voice_count":0,"_bbp_anonymous_reply_count":0,"_bbp_topic_count_hidden":0,"_bbp_reply_count_hidden":0,"_bbp_forum_subforum_count":0,"footnotes":""},"categories":[30,106],"tags":[],"class_list":["post-472997","post","type-post","status-publish","format-video","has-post-thumbnail","category-actualidad","category-video-news","post_format-post-format-video"],"_links":{"self":[{"href":"https:\/\/primermomento.com\/index.php?rest_route=\/wp\/v2\/posts\/472997","targetHints":{"allow":["GET"]}}],"collection":[{"href":"https:\/\/primermomento.com\/index.php?rest_route=\/wp\/v2\/posts"}],"about":[{"href":"https:\/\/primermomento.com\/index.php?rest_route=\/wp\/v2\/types\/post"}],"author":[{"embeddable":true,"href":"https:\/\/primermomento.com\/index.php?rest_route=\/wp\/v2\/users\/1"}],"replies":[{"embeddable":true,"href":"https:\/\/primermomento.com\/index.php?rest_route=%2Fwp%2Fv2%2Fcomments&post=472997"}],"version-history":[{"count":2,"href":"https:\/\/primermomento.com\/index.php?rest_route=\/wp\/v2\/posts\/472997\/revisions"}],"predecessor-version":[{"id":473001,"href":"https:\/\/primermomento.com\/index.php?rest_route=\/wp\/v2\/posts\/472997\/revisions\/473001"}],"wp:featuredmedia":[{"embeddable":true,"href":"https:\/\/primermomento.com\/index.php?rest_route=\/wp\/v2\/media\/472998"}],"wp:attachment":[{"href":"https:\/\/primermomento.com\/index.php?rest_route=%2Fwp%2Fv2%2Fmedia&parent=472997"}],"wp:term":[{"taxonomy":"category","embeddable":true,"href":"https:\/\/primermomento.com\/index.php?rest_route=%2Fwp%2Fv2%2Fcategories&post=472997"},{"taxonomy":"post_tag","embeddable":true,"href":"https:\/\/primermomento.com\/index.php?rest_route=%2Fwp%2Fv2%2Ftags&post=472997"}],"curies":[{"name":"wp","href":"https:\/\/api.w.org\/{rel}","templated":true}]}}