{"id":473019,"date":"2026-09-02T07:02:00","date_gmt":"2026-09-02T11:02:00","guid":{"rendered":"https:\/\/primermomento.com\/?p=473019"},"modified":"2026-09-02T11:10:21","modified_gmt":"2026-09-02T15:10:21","slug":"actor-george-clooney-calienta-venecia-con-su-mensaje-anti-trump","status":"publish","type":"post","link":"https:\/\/primermomento.com\/?p=473019","title":{"rendered":"Actor George Clooney calienta Venecia con su mensaje anti-Trump"},"content":{"rendered":"<p><strong><em>Por <span style=\"color: #ff0000;\">Prensa Latina<\/span><\/em><\/strong><\/p>\n<p>Roma, ITALIA.- El reconocido actor George Clooney, critic\u00f3 hoy al presidente estadounidense Donald Trump, durante una conferencia de prensa antes de la gala inaugural del Festival de Cine de Venecia, donde recibir\u00e1 el Le\u00f3n de Oro, por su trayectoria cinematogr\u00e1fica.<\/p>\n<div class=\"elementor-element elementor-element-0aea3a0 elementor-widget elementor-widget-theme-post-content\" data-id=\"0aea3a0\" data-element_type=\"widget\" data-e-type=\"widget\" data-widget_type=\"theme-post-content.default\">\n<div class=\"elementor-widget-container\">\n<p>\u00abHay gente incompetente en el gobierno. Espero que volvamos a la normalidad votando\u00bb, manifest\u00f3 el tambi\u00e9n director, productor y guionista de 65 a\u00f1os, rese\u00f1\u00f3 el diario La Reppublica.<\/p>\n<p>Preguntado sobre c\u00f3mo ve a Estados Unidos en el presente, respondi\u00f3 que sigue siendo optimista, a pesar de que el pa\u00eds atraviesa \u201cun momento muy dif\u00edcil, y creo que eso es quedarse corto\u201d.<\/p>\n<p>\u201cHemos vivido otros tiempos dif\u00edciles, y este sin duda es uno de ellos. Hay una palabra preciosa, democracia degenerada: describe un pa\u00eds gobernado por las personas menos cualificadas. Quiz\u00e1s eso es lo que tenemos ahora\u201d, dijo Clooney, nacionalizado franc\u00e9s en diciembre de 2025.<\/p>\n<p>No obstante, el ganador de cuatro premios Globo de Oro, dos Oscar y un Bafta manifest\u00f3 su confianza en las elecciones de noviembre pr\u00f3xima y m\u00e1s adelante en las presidenciales de 2028.<\/p>\n<p>\u201cCon un poco de suerte, podemos recuperar cierta normalidad\u00bb, expres\u00f3, aunque mostr\u00f3 su preocupaci\u00f3n no solo por la calidad de quienes gobiernan, sino por \u00abla idea de que ser cruel y grosero forma parte de la diversi\u00f3n\u00bb.<\/p>\n<p>En el intercambio con los periodistas, la estrella del cine internacional ofreci\u00f3 sus opiniones sobre lo que llam\u00f3 la crisis de la democracia, los da\u00f1os al medio ambiente y el impacto del Cambio Clim\u00e1tico, el futuro de la informaci\u00f3n y el cine.<\/p>\n<p>El candidato al Le\u00f3n de Oro por su Trayectoria Profesisonal habl\u00f3 sobre el periodismo en manos de los m\u00e1s ricos, dijo, y la inteligencia artificial que eliminar\u00e1 empleos y desdibujar\u00e1 la l\u00ednea entre la verdad y la mentira, se\u00f1al\u00f3.<\/p>\n<\/div>\n<\/div>\n<div class=\"elementor-element elementor-element-4f75016 elementor-widget elementor-widget-post-info\" data-id=\"4f75016\" data-element_type=\"widget\" data-e-type=\"widget\" data-widget_type=\"post-info.default\">\n<div class=\"elementor-widget-container\">\n<ul class=\"elementor-inline-items elementor-icon-list-items elementor-post-info\">\n<li class=\"elementor-icon-list-item elementor-repeater-item-17dda3e elementor-inline-item\"><em><span class=\"elementor-icon-list-text elementor-post-info__item elementor-post-info__item--type-custom\">#<a href=\"https:\/\/primermomento.com\/?p=473019\" rel=\"tag\">eeuu<\/a>\u00a0#<a href=\"https:\/\/primermomento.com\/?p=473019\" rel=\"tag\">venecia<\/a><\/span><\/em><\/li>\n<\/ul>\n<\/div>\n<\/div>\n","protected":false},"excerpt":{"rendered":"<p>Por Prensa Latina Roma, ITALIA.- El reconocido actor George Clooney, critic\u00f3 hoy al presidente estadounidense Donald Trump, durante una conferencia de prensa antes de la gala inaugural del Festival de Cine de Venecia, donde recibir\u00e1 el Le\u00f3n de Oro, por su trayectoria cinematogr\u00e1fica. \u00abHay gente incompetente en el gobierno. Espero que volvamos a la normalidad [&hellip;]<\/p>\n","protected":false},"author":1,"featured_media":473020,"comment_status":"open","ping_status":"open","sticky":false,"template":"","format":"standard","meta":{"_bbp_topic_count":0,"_bbp_reply_count":0,"_bbp_total_topic_count":0,"_bbp_total_reply_count":0,"_bbp_voice_count":0,"_bbp_anonymous_reply_count":0,"_bbp_topic_count_hidden":0,"_bbp_reply_count_hidden":0,"_bbp_forum_subforum_count":0,"footnotes":""},"categories":[39],"tags":[],"class_list":["post-473019","post","type-post","status-publish","format-standard","has-post-thumbnail","category-entretenimiento"],"_links":{"self":[{"href":"https:\/\/primermomento.com\/index.php?rest_route=\/wp\/v2\/posts\/473019","targetHints":{"allow":["GET"]}}],"collection":[{"href":"https:\/\/primermomento.com\/index.php?rest_route=\/wp\/v2\/posts"}],"about":[{"href":"https:\/\/primermomento.com\/index.php?rest_route=\/wp\/v2\/types\/post"}],"author":[{"embeddable":true,"href":"https:\/\/primermomento.com\/index.php?rest_route=\/wp\/v2\/users\/1"}],"replies":[{"embeddable":true,"href":"https:\/\/primermomento.com\/index.php?rest_route=%2Fwp%2Fv2%2Fcomments&post=473019"}],"version-history":[{"count":1,"href":"https:\/\/primermomento.com\/index.php?rest_route=\/wp\/v2\/posts\/473019\/revisions"}],"predecessor-version":[{"id":473021,"href":"https:\/\/primermomento.com\/index.php?rest_route=\/wp\/v2\/posts\/473019\/revisions\/473021"}],"wp:featuredmedia":[{"embeddable":true,"href":"https:\/\/primermomento.com\/index.php?rest_route=\/wp\/v2\/media\/473020"}],"wp:attachment":[{"href":"https:\/\/primermomento.com\/index.php?rest_route=%2Fwp%2Fv2%2Fmedia&parent=473019"}],"wp:term":[{"taxonomy":"category","embeddable":true,"href":"https:\/\/primermomento.com\/index.php?rest_route=%2Fwp%2Fv2%2Fcategories&post=473019"},{"taxonomy":"post_tag","embeddable":true,"href":"https:\/\/primermomento.com\/index.php?rest_route=%2Fwp%2Fv2%2Ftags&post=473019"}],"curies":[{"name":"wp","href":"https:\/\/api.w.org\/{rel}","templated":true}]}}