{"id":473022,"date":"2026-09-02T11:54:23","date_gmt":"2026-09-02T15:54:23","guid":{"rendered":"https:\/\/primermomento.com\/?p=473022"},"modified":"2026-09-02T11:54:23","modified_gmt":"2026-09-02T15:54:23","slug":"pld-cuestiona-que-crecimiento-economico-no-se-traduzca-en-calidad-de-vida-de-la-poblacion","status":"publish","type":"post","link":"https:\/\/primermomento.com\/?p=473022","title":{"rendered":"PLD cuestiona que crecimiento econ\u00f3mico no se traduzca en calidad de vida de la poblaci\u00f3n"},"content":{"rendered":"<p><strong><em>Por <span style=\"color: #ff0000;\">Prensa Latina<\/span><\/em><\/strong><\/p>\n<p>SANTO DOMINGO, Rep\u00fablica Dominicana.- El vicepresidente del Partido de la Liberaci\u00f3n Dominicana (PLD), Tem\u00edstocles Mont\u00e1s, cuestion\u00f3 hoy que el crecimiento de la econom\u00eda nacional se traduzca en una mejor\u00eda de las condiciones de vida de la poblaci\u00f3n.<\/p>\n<div class=\"elementor-element elementor-element-0aea3a0 elementor-widget elementor-widget-theme-post-content\" data-id=\"0aea3a0\" data-element_type=\"widget\" data-e-type=\"widget\" data-widget_type=\"theme-post-content.default\">\n<div class=\"elementor-widget-container\">\n<p>Entrevistado en el programa \u00abDespierta RD\u00bb, Mont\u00e1s se\u00f1al\u00f3 que, aunque el Banco Central reporta una expansi\u00f3n econ\u00f3mica de alrededor del 4.5 por ciento en los primeros siete meses del a\u00f1o, los sectores m\u00e1s vinculados al empleo y al consumo presentan un dinamismo moderado.<\/p>\n<p>Mencion\u00f3 entre ellos el comercio, con un alza de aproximadamente 2.4 por ciento, y la manufactura y las zonas francas, con cerca de 3.2 por ciento.<\/p>\n<p>\u201cLos sectores que realmente inciden en la vida cotidiana de la gente no est\u00e1n creciendo\u201d, sostuvo.<\/p>\n<p>El dirigente atribuy\u00f3 parte de la expansi\u00f3n a la construcci\u00f3n privada y a la miner\u00eda, favorecida esta \u00faltima por los altos precios internacionales del oro, pero se\u00f1al\u00f3 que ambas actividades tienen un impacto limitado en la generaci\u00f3n de empleos.<\/p>\n<p>\u201cUna cosa es lo que se dice desde el punto de vista macro, que la econom\u00eda va bien, y otra cosa es lo que se ve abajo\u201d, expres\u00f3.<\/p>\n<p>Mont\u00e1s tambi\u00e9n critic\u00f3 la situaci\u00f3n de la agricultura por la falta de apoyo a los productores, la limitada tecnificaci\u00f3n y los problemas ocasionados por plagas y enfermedades.<\/p>\n<p>Sobre la tarifa el\u00e9ctrica, consider\u00f3 que un eventual incremento agravar\u00eda las presiones que ya enfrentan los hogares.<\/p>\n<p>El dirigente pelede\u00edsta tambi\u00e9n mencion\u00f3 el alto costo de la vida, la inseguridad y la corrupci\u00f3n entre las principales preocupaciones de los dominicanos y consider\u00f3 insuficiente la inversi\u00f3n p\u00fablica para impulsar con mayor fuerza la econom\u00eda.<\/p>\n<p>En el \u00e1mbito pol\u00edtico, neg\u00f3 que exista una crisis en el PLD por las aspiraciones presidenciales y afirm\u00f3 que las diferencias forman parte del proceso interno del partido.<\/p>\n<p>Asegur\u00f3 adem\u00e1s que el expresidente y presidente de esa organizaci\u00f3n, Danilo Medina, mantiene una posici\u00f3n neutral frente a los aspirantes.<\/p>\n<p>Consider\u00f3 que ninguna fuerza pol\u00edtica est\u00e1 hoy en condiciones de ganar las elecciones presidenciales de 2028 en primera vuelta y reconoci\u00f3 que los partidos enfrentan una p\u00e9rdida de confianza ciudadana que el PLD intenta revertir mediante su fortalecimiento y un mayor acercamiento a la sociedad.<\/p>\n<\/div>\n<\/div>\n<div class=\"elementor-element elementor-element-4f75016 elementor-widget elementor-widget-post-info\" data-id=\"4f75016\" data-element_type=\"widget\" data-e-type=\"widget\" data-widget_type=\"post-info.default\">\n<div class=\"elementor-widget-container\">\n<ul class=\"elementor-inline-items elementor-icon-list-items elementor-post-info\">\n<li class=\"elementor-icon-list-item elementor-repeater-item-17dda3e elementor-inline-item\"><em><span class=\"elementor-icon-list-text elementor-post-info__item elementor-post-info__item--type-custom\">#<a href=\"https:\/\/primermomento.com\/?p=473022\" rel=\"tag\">pld<\/a>\u00a0#<a href=\"https:\/\/primermomento.com\/?p=473022\" rel=\"tag\">Tem\u00edstocles Mont\u00e1s<\/a><\/span><\/em><\/li>\n<\/ul>\n<\/div>\n<\/div>\n","protected":false},"excerpt":{"rendered":"<p>Por Prensa Latina SANTO DOMINGO, Rep\u00fablica Dominicana.- El vicepresidente del Partido de la Liberaci\u00f3n Dominicana (PLD), Tem\u00edstocles Mont\u00e1s, cuestion\u00f3 hoy que el crecimiento de la econom\u00eda nacional se traduzca en una mejor\u00eda de las condiciones de vida de la poblaci\u00f3n. Entrevistado en el programa \u00abDespierta RD\u00bb, Mont\u00e1s se\u00f1al\u00f3 que, aunque el Banco Central reporta una [&hellip;]<\/p>\n","protected":false},"author":1,"featured_media":332413,"comment_status":"open","ping_status":"open","sticky":false,"template":"","format":"standard","meta":{"_bbp_topic_count":0,"_bbp_reply_count":0,"_bbp_total_topic_count":0,"_bbp_total_reply_count":0,"_bbp_voice_count":0,"_bbp_anonymous_reply_count":0,"_bbp_topic_count_hidden":0,"_bbp_reply_count_hidden":0,"_bbp_forum_subforum_count":0,"footnotes":""},"categories":[30],"tags":[],"class_list":["post-473022","post","type-post","status-publish","format-standard","has-post-thumbnail","category-actualidad"],"_links":{"self":[{"href":"https:\/\/primermomento.com\/index.php?rest_route=\/wp\/v2\/posts\/473022","targetHints":{"allow":["GET"]}}],"collection":[{"href":"https:\/\/primermomento.com\/index.php?rest_route=\/wp\/v2\/posts"}],"about":[{"href":"https:\/\/primermomento.com\/index.php?rest_route=\/wp\/v2\/types\/post"}],"author":[{"embeddable":true,"href":"https:\/\/primermomento.com\/index.php?rest_route=\/wp\/v2\/users\/1"}],"replies":[{"embeddable":true,"href":"https:\/\/primermomento.com\/index.php?rest_route=%2Fwp%2Fv2%2Fcomments&post=473022"}],"version-history":[{"count":1,"href":"https:\/\/primermomento.com\/index.php?rest_route=\/wp\/v2\/posts\/473022\/revisions"}],"predecessor-version":[{"id":473023,"href":"https:\/\/primermomento.com\/index.php?rest_route=\/wp\/v2\/posts\/473022\/revisions\/473023"}],"wp:featuredmedia":[{"embeddable":true,"href":"https:\/\/primermomento.com\/index.php?rest_route=\/wp\/v2\/media\/332413"}],"wp:attachment":[{"href":"https:\/\/primermomento.com\/index.php?rest_route=%2Fwp%2Fv2%2Fmedia&parent=473022"}],"wp:term":[{"taxonomy":"category","embeddable":true,"href":"https:\/\/primermomento.com\/index.php?rest_route=%2Fwp%2Fv2%2Fcategories&post=473022"},{"taxonomy":"post_tag","embeddable":true,"href":"https:\/\/primermomento.com\/index.php?rest_route=%2Fwp%2Fv2%2Ftags&post=473022"}],"curies":[{"name":"wp","href":"https:\/\/api.w.org\/{rel}","templated":true}]}}