{"id":473030,"date":"2026-09-02T13:10:51","date_gmt":"2026-09-02T17:10:51","guid":{"rendered":"https:\/\/primermomento.com\/?p=473030"},"modified":"2026-09-02T13:10:51","modified_gmt":"2026-09-02T17:10:51","slug":"reportan-entrega-voluntaria-de-menor-buscado-por-homicidio-y-otros-hechos-delictivos-en-sde","status":"publish","type":"post","link":"https:\/\/primermomento.com\/?p=473030","title":{"rendered":"Reportan entrega voluntaria de menor buscado por homicidio y otros hechos delictivos en SDE"},"content":{"rendered":"<p><strong><em>Por<span style=\"color: #ff0000;\"> Servicios de Primermomento.com<\/span><\/em><\/strong><\/p>\n<p>SANTO DOMINGO, Rep\u00fablica Dominicana.- La Polic\u00eda Nacional inform\u00f3 sobre la entrega voluntaria de un adolescente, quien era activamente buscado mediante una orden de arresto por su presunta vinculaci\u00f3n con un homicidio y otros hechos delictivos registrados en distintos sectores de Santo Domingo Este.<\/p>\n<p>De acuerdo con el informe preliminar, el menor, cuya identidad se hace reserva por razones legales, era requerido mediante la orden de arresto n\u00fam. RAJ-2026-14062, por su presunta participaci\u00f3n en la muerte de Aurys Ventura Castillo, as\u00ed como en un hecho ocurrido el pasado 17 de agosto en el sector Villa Faro, donde un ciudadano identificado como Edwin Eduardo Amparo result\u00f3 herido de bala en su pierna derecha.<\/p>\n<p>Asimismo, las investigaciones lo vinculan preliminarmente con varios atracos a mano armada registrados en diferentes sectores del municipio.<\/p>\n<p>El adolescente fue entregado de manera voluntaria a trav\u00e9s del Grupo de Medios Telemicro y, al momento de su entrega, present\u00f3 un arma tipo pistola de fogueo, la cual qued\u00f3 bajo custodia de las autoridades para los procedimientos correspondientes.<\/p>\n<p>La Polic\u00eda Nacional inform\u00f3 que el adolescente ser\u00e1 puesto a disposici\u00f3n del Ministerio P\u00fablico especializado en materia de ni\u00f1os, ni\u00f1as y adolescentes, conforme al debido proceso y a las disposiciones legales que protegen a los menores de edad.<\/p>\n","protected":false},"excerpt":{"rendered":"<p>Por Servicios de Primermomento.com SANTO DOMINGO, Rep\u00fablica Dominicana.- La Polic\u00eda Nacional inform\u00f3 sobre la entrega voluntaria de un adolescente, quien era activamente buscado mediante una orden de arresto por su presunta vinculaci\u00f3n con un homicidio y otros hechos delictivos registrados en distintos sectores de Santo Domingo Este. De acuerdo con el informe preliminar, el menor, [&hellip;]<\/p>\n","protected":false},"author":1,"featured_media":473031,"comment_status":"open","ping_status":"open","sticky":false,"template":"","format":"standard","meta":{"_bbp_topic_count":0,"_bbp_reply_count":0,"_bbp_total_topic_count":0,"_bbp_total_reply_count":0,"_bbp_voice_count":0,"_bbp_anonymous_reply_count":0,"_bbp_topic_count_hidden":0,"_bbp_reply_count_hidden":0,"_bbp_forum_subforum_count":0,"footnotes":""},"categories":[30],"tags":[],"class_list":["post-473030","post","type-post","status-publish","format-standard","has-post-thumbnail","category-actualidad"],"_links":{"self":[{"href":"https:\/\/primermomento.com\/index.php?rest_route=\/wp\/v2\/posts\/473030","targetHints":{"allow":["GET"]}}],"collection":[{"href":"https:\/\/primermomento.com\/index.php?rest_route=\/wp\/v2\/posts"}],"about":[{"href":"https:\/\/primermomento.com\/index.php?rest_route=\/wp\/v2\/types\/post"}],"author":[{"embeddable":true,"href":"https:\/\/primermomento.com\/index.php?rest_route=\/wp\/v2\/users\/1"}],"replies":[{"embeddable":true,"href":"https:\/\/primermomento.com\/index.php?rest_route=%2Fwp%2Fv2%2Fcomments&post=473030"}],"version-history":[{"count":1,"href":"https:\/\/primermomento.com\/index.php?rest_route=\/wp\/v2\/posts\/473030\/revisions"}],"predecessor-version":[{"id":473032,"href":"https:\/\/primermomento.com\/index.php?rest_route=\/wp\/v2\/posts\/473030\/revisions\/473032"}],"wp:featuredmedia":[{"embeddable":true,"href":"https:\/\/primermomento.com\/index.php?rest_route=\/wp\/v2\/media\/473031"}],"wp:attachment":[{"href":"https:\/\/primermomento.com\/index.php?rest_route=%2Fwp%2Fv2%2Fmedia&parent=473030"}],"wp:term":[{"taxonomy":"category","embeddable":true,"href":"https:\/\/primermomento.com\/index.php?rest_route=%2Fwp%2Fv2%2Fcategories&post=473030"},{"taxonomy":"post_tag","embeddable":true,"href":"https:\/\/primermomento.com\/index.php?rest_route=%2Fwp%2Fv2%2Ftags&post=473030"}],"curies":[{"name":"wp","href":"https:\/\/api.w.org\/{rel}","templated":true}]}}