{"id":473033,"date":"2026-09-02T13:16:45","date_gmt":"2026-09-02T17:16:45","guid":{"rendered":"https:\/\/primermomento.com\/?p=473033"},"modified":"2026-09-02T13:17:09","modified_gmt":"2026-09-02T17:17:09","slug":"piden-investigar-muertes-de-recien-nacidos-en-maternidad-dominicana","status":"publish","type":"post","link":"https:\/\/primermomento.com\/?p=473033","title":{"rendered":"Piden investigar muertes de reci\u00e9n nacidos en Maternidad Nuestra Se\u00f1ora de la Altagracia"},"content":{"rendered":"<p><strong><em>Por<span style=\"color: #ff0000;\"> Prensa Latina<\/span><\/em><\/strong><\/p>\n<p>SANTO DOMINGO, Rep\u00fablica Dominicana.- El Bloque de Diputados del Partido de la Liberaci\u00f3n Dominicana (PLD) solicit\u00f3 hoy una investigaci\u00f3n profunda sobre las muertes de reci\u00e9n nacidos en la Maternidad Nuestra Se\u00f1ora de la Altagracia.<\/p>\n<div class=\"elementor-element elementor-element-0aea3a0 elementor-widget elementor-widget-theme-post-content\" data-id=\"0aea3a0\" data-element_type=\"widget\" data-e-type=\"widget\" data-widget_type=\"theme-post-content.default\">\n<div class=\"elementor-widget-container\">\n<p>Anunci\u00f3 que pedir\u00e1 la comparecencia del director ejecutivo del Servicio Nacional de Salud (SNS), Julio Landr\u00f3n, ante la Comisi\u00f3n Permanente de Salud de la C\u00e1mara de Diputados con el objetivo de que explique la situaci\u00f3n creada en ese centro asistencial.<\/p>\n<p>Durante una intervenci\u00f3n en la sesi\u00f3n de este mi\u00e9rcoles, la legisladora Ydenia Do\u00f1\u00e9 cuestion\u00f3 las condiciones de mantenimiento e higiene de los hospitales p\u00fablicos, as\u00ed como los procesos de esterilizaci\u00f3n, la calidad del agua y los mecanismos de prevenci\u00f3n y control de infecciones.<\/p>\n<p>Do\u00f1\u00e9 tambi\u00e9n demand\u00f3 conocer con qu\u00e9 frecuencia se realizan controles microbiol\u00f3gicos en las maternidades, quir\u00f3fanos, unidades de cuidados intensivos, \u00e1reas de hemodi\u00e1lisis y otros servicios hospitalarios considerados de alto riesgo.<\/p>\n<p>A juicio de la diputada, los hechos registrados en la Maternidad Nuestra Se\u00f1ora de la Altagracia podr\u00edan revelar problemas m\u00e1s amplios relacionados con la supervisi\u00f3n y la calidad de los servicios en la red hospitalaria p\u00fablica.<\/p>\n<p>De acuerdo con el peri\u00f3dico La Vanguardia, \u00f3rgano del PLD, la legisladora record\u00f3 que una situaci\u00f3n similar ocurri\u00f3 en 2023, cuando durante el primer trimestre de ese a\u00f1o se report\u00f3 la muerte de 72 reci\u00e9n nacidos en la Maternidad San Lorenzo de Los Mina.<\/p>\n<p>El bloque opositor anunci\u00f3 que la resoluci\u00f3n que ser\u00e1 sometida al Congreso busca esclarecer las circunstancias de las recientes muertes y determinar las posibles responsabilidades y medidas para evitar que hechos de esa naturaleza vuelvan a ocurrir.<\/p>\n<p>El pasado 27 de agosto, el SNS inform\u00f3 que, tras intervenir en el centro asistencial, constat\u00f3 17 muertes neonatales entre el 1 y el 24 de ese mes.<\/p>\n<p>En un comunicado, la entidad precis\u00f3 que solo tres de los reci\u00e9n nacidos fallecidos dieron positivo a microorganismos y que estos correspond\u00edan a beb\u00e9s muy prematuros.<\/p>\n<p>Ante la situaci\u00f3n, el SNS dispuso mantener una vigilancia activa en las Unidades de Cuidados Intensivos Neonatales, con el prop\u00f3sito de reforzar las medidas de control epidemiol\u00f3gico y prevenir nuevos casos.<\/p>\n<\/div>\n<\/div>\n<div class=\"elementor-element elementor-element-4f75016 elementor-widget elementor-widget-post-info\" data-id=\"4f75016\" data-element_type=\"widget\" data-e-type=\"widget\" data-widget_type=\"post-info.default\">\n<div class=\"elementor-widget-container\">\n<ul class=\"elementor-inline-items elementor-icon-list-items elementor-post-info\">\n<li class=\"elementor-icon-list-item elementor-repeater-item-17dda3e elementor-inline-item\"><em><span class=\"elementor-icon-list-text elementor-post-info__item elementor-post-info__item--type-custom\">#<a href=\"https:\/\/primermomento.com\/?p=473033\" rel=\"tag\">muertes neonatales<\/a>\u00a0#<a href=\"https:\/\/primermomento.com\/?p=473033\" rel=\"tag\">pld<\/a><\/span><\/em><\/li>\n<\/ul>\n<\/div>\n<\/div>\n","protected":false},"excerpt":{"rendered":"<p>Por Prensa Latina SANTO DOMINGO, Rep\u00fablica Dominicana.- El Bloque de Diputados del Partido de la Liberaci\u00f3n Dominicana (PLD) solicit\u00f3 hoy una investigaci\u00f3n profunda sobre las muertes de reci\u00e9n nacidos en la Maternidad Nuestra Se\u00f1ora de la Altagracia. Anunci\u00f3 que pedir\u00e1 la comparecencia del director ejecutivo del Servicio Nacional de Salud (SNS), Julio Landr\u00f3n, ante la [&hellip;]<\/p>\n","protected":false},"author":1,"featured_media":473034,"comment_status":"open","ping_status":"open","sticky":false,"template":"","format":"standard","meta":{"_bbp_topic_count":0,"_bbp_reply_count":0,"_bbp_total_topic_count":0,"_bbp_total_reply_count":0,"_bbp_voice_count":0,"_bbp_anonymous_reply_count":0,"_bbp_topic_count_hidden":0,"_bbp_reply_count_hidden":0,"_bbp_forum_subforum_count":0,"footnotes":""},"categories":[30],"tags":[],"class_list":["post-473033","post","type-post","status-publish","format-standard","has-post-thumbnail","category-actualidad"],"_links":{"self":[{"href":"https:\/\/primermomento.com\/index.php?rest_route=\/wp\/v2\/posts\/473033","targetHints":{"allow":["GET"]}}],"collection":[{"href":"https:\/\/primermomento.com\/index.php?rest_route=\/wp\/v2\/posts"}],"about":[{"href":"https:\/\/primermomento.com\/index.php?rest_route=\/wp\/v2\/types\/post"}],"author":[{"embeddable":true,"href":"https:\/\/primermomento.com\/index.php?rest_route=\/wp\/v2\/users\/1"}],"replies":[{"embeddable":true,"href":"https:\/\/primermomento.com\/index.php?rest_route=%2Fwp%2Fv2%2Fcomments&post=473033"}],"version-history":[{"count":2,"href":"https:\/\/primermomento.com\/index.php?rest_route=\/wp\/v2\/posts\/473033\/revisions"}],"predecessor-version":[{"id":473036,"href":"https:\/\/primermomento.com\/index.php?rest_route=\/wp\/v2\/posts\/473033\/revisions\/473036"}],"wp:featuredmedia":[{"embeddable":true,"href":"https:\/\/primermomento.com\/index.php?rest_route=\/wp\/v2\/media\/473034"}],"wp:attachment":[{"href":"https:\/\/primermomento.com\/index.php?rest_route=%2Fwp%2Fv2%2Fmedia&parent=473033"}],"wp:term":[{"taxonomy":"category","embeddable":true,"href":"https:\/\/primermomento.com\/index.php?rest_route=%2Fwp%2Fv2%2Fcategories&post=473033"},{"taxonomy":"post_tag","embeddable":true,"href":"https:\/\/primermomento.com\/index.php?rest_route=%2Fwp%2Fv2%2Ftags&post=473033"}],"curies":[{"name":"wp","href":"https:\/\/api.w.org\/{rel}","templated":true}]}}