{"id":473037,"date":"2026-09-02T14:10:29","date_gmt":"2026-09-02T18:10:29","guid":{"rendered":"https:\/\/primermomento.com\/?p=473037"},"modified":"2026-09-02T14:10:29","modified_gmt":"2026-09-02T18:10:29","slug":"dominicana-reportan-237-escuelas-sin-clases-en-inicio-ano-escolar","status":"publish","type":"post","link":"https:\/\/primermomento.com\/?p=473037","title":{"rendered":"Dominicana: Reportan 237 escuelas sin clases en inicio a\u00f1o escolar"},"content":{"rendered":"<p><strong><em>Por <span style=\"color: #ff0000;\">Prensa Latina<\/span><\/em><\/strong><\/p>\n<p>SANTO DOMINGO, Rep\u00fablica Dominicana.- Un total de 237 centros educativos p\u00fablicos no iniciaron la docencia durante la primera semana del a\u00f1o escolar 2026-2027, principalmente por problemas de infraestructura, inform\u00f3 hoy la Asociaci\u00f3n Dominicana de Profesores (ADP).<\/p>\n<div class=\"elementor-element elementor-element-0aea3a0 elementor-widget elementor-widget-theme-post-content\" data-id=\"0aea3a0\" data-element_type=\"widget\" data-e-type=\"widget\" data-widget_type=\"theme-post-content.default\">\n<div class=\"elementor-widget-container\">\n<p>El presidente del gremio, Eduardo Hidalgo, precis\u00f3 que la cifra representa el 12,9 por ciento de los mil 832 reportes v\u00e1lidos recopilados por la organizaci\u00f3n entre el 24 y el 28 de agosto.<\/p>\n<p>Durante la presentaci\u00f3n del Primer Monitoreo de Apertura del A\u00f1o Escolar, elaborado por el Observatorio Educativo Profesor Rafael Santos Bad\u00eda, Hidalgo se\u00f1al\u00f3 que otros 108 centros, equivalentes al 5,9 por ciento, comenzaron las clases solo en algunas tandas o niveles.<\/p>\n<p>El estado f\u00edsico de las instalaciones constituy\u00f3 la principal dificultad. De los 345 con apertura parcial o nula, 199 atribuyeron la situaci\u00f3n a problemas de infraestructura, entre ellos obras inconclusas, aulas inservibles y falta de agua o electricidad.<\/p>\n<p>El informe revel\u00f3 adem\u00e1s que mil 105 planteles, equivalentes al 60,3 por ciento de los monitoreados, no recibieron reparaciones durante las vacaciones escolares.<\/p>\n<p>En otros 121 las obras de reparaci\u00f3n permanec\u00edan en ejecuci\u00f3n al momento del levantamiento e imped\u00edan el desarrollo normal de las clases.<\/p>\n<p>Hidalgo consider\u00f3 que las intervenciones sin terminar terminaron convirti\u00e9ndose en un obst\u00e1culo para el inicio de la docencia y evidencian las dificultades que persisten con el estado de las edificaciones.<\/p>\n<p>La segunda causa m\u00e1s frecuente de la falta de apertura fue la ausencia de estudiantes, mientras que la acci\u00f3n gremial fue identificada como causa en cinco casos.<\/p>\n<p>El monitoreo tambi\u00e9n evidenci\u00f3 una baja asistencia estudiantil durante los primeros d\u00edas de clases.<\/p>\n<p>El levantamiento abarc\u00f3 mil 729 centros educativos, equivalentes al 22,3 por ciento de las siete mil 760 escuelas p\u00fablicas de la Rep\u00fablica Dominicana.<\/p>\n<p>Los datos fueron recopilados mediante respuestas de docentes, directores y dirigentes de la ADP en distintas zonas del territorio nacional.<\/p>\n<\/div>\n<\/div>\n<div class=\"elementor-element elementor-element-4f75016 elementor-widget elementor-widget-post-info\" data-id=\"4f75016\" data-element_type=\"widget\" data-e-type=\"widget\" data-widget_type=\"post-info.default\">\n<div class=\"elementor-widget-container\">\n<ul class=\"elementor-inline-items elementor-icon-list-items elementor-post-info\">\n<li class=\"elementor-icon-list-item elementor-repeater-item-17dda3e elementor-inline-item\"><em><span class=\"elementor-icon-list-text elementor-post-info__item elementor-post-info__item--type-custom\">#<a href=\"https:\/\/primermomento.com\/?p=473037\" rel=\"tag\">ADP<\/a>\u00a0#<a href=\"https:\/\/primermomento.com\/?p=473037\" rel=\"tag\">infraestructura<\/a><\/span><\/em><\/li>\n<\/ul>\n<\/div>\n<\/div>\n","protected":false},"excerpt":{"rendered":"<p>Por Prensa Latina SANTO DOMINGO, Rep\u00fablica Dominicana.- Un total de 237 centros educativos p\u00fablicos no iniciaron la docencia durante la primera semana del a\u00f1o escolar 2026-2027, principalmente por problemas de infraestructura, inform\u00f3 hoy la Asociaci\u00f3n Dominicana de Profesores (ADP). El presidente del gremio, Eduardo Hidalgo, precis\u00f3 que la cifra representa el 12,9 por ciento de [&hellip;]<\/p>\n","protected":false},"author":1,"featured_media":473038,"comment_status":"open","ping_status":"open","sticky":false,"template":"","format":"standard","meta":{"_bbp_topic_count":0,"_bbp_reply_count":0,"_bbp_total_topic_count":0,"_bbp_total_reply_count":0,"_bbp_voice_count":0,"_bbp_anonymous_reply_count":0,"_bbp_topic_count_hidden":0,"_bbp_reply_count_hidden":0,"_bbp_forum_subforum_count":0,"footnotes":""},"categories":[30],"tags":[],"class_list":["post-473037","post","type-post","status-publish","format-standard","has-post-thumbnail","category-actualidad"],"_links":{"self":[{"href":"https:\/\/primermomento.com\/index.php?rest_route=\/wp\/v2\/posts\/473037","targetHints":{"allow":["GET"]}}],"collection":[{"href":"https:\/\/primermomento.com\/index.php?rest_route=\/wp\/v2\/posts"}],"about":[{"href":"https:\/\/primermomento.com\/index.php?rest_route=\/wp\/v2\/types\/post"}],"author":[{"embeddable":true,"href":"https:\/\/primermomento.com\/index.php?rest_route=\/wp\/v2\/users\/1"}],"replies":[{"embeddable":true,"href":"https:\/\/primermomento.com\/index.php?rest_route=%2Fwp%2Fv2%2Fcomments&post=473037"}],"version-history":[{"count":1,"href":"https:\/\/primermomento.com\/index.php?rest_route=\/wp\/v2\/posts\/473037\/revisions"}],"predecessor-version":[{"id":473039,"href":"https:\/\/primermomento.com\/index.php?rest_route=\/wp\/v2\/posts\/473037\/revisions\/473039"}],"wp:featuredmedia":[{"embeddable":true,"href":"https:\/\/primermomento.com\/index.php?rest_route=\/wp\/v2\/media\/473038"}],"wp:attachment":[{"href":"https:\/\/primermomento.com\/index.php?rest_route=%2Fwp%2Fv2%2Fmedia&parent=473037"}],"wp:term":[{"taxonomy":"category","embeddable":true,"href":"https:\/\/primermomento.com\/index.php?rest_route=%2Fwp%2Fv2%2Fcategories&post=473037"},{"taxonomy":"post_tag","embeddable":true,"href":"https:\/\/primermomento.com\/index.php?rest_route=%2Fwp%2Fv2%2Ftags&post=473037"}],"curies":[{"name":"wp","href":"https:\/\/api.w.org\/{rel}","templated":true}]}}