{"id":473047,"date":"2026-09-02T15:33:30","date_gmt":"2026-09-02T19:33:30","guid":{"rendered":"https:\/\/primermomento.com\/?p=473047"},"modified":"2026-09-02T15:33:30","modified_gmt":"2026-09-02T19:33:30","slug":"trump-quiere-ahora-poner-su-nombre-al-estrecho-de-ormuz","status":"publish","type":"post","link":"https:\/\/primermomento.com\/?p=473047","title":{"rendered":"Trump quiere ahora poner su nombre al estrecho de Ormuz"},"content":{"rendered":"<p><strong><em>Por <span style=\"color: #ff0000;\">Prensa Latina<\/span><\/em><\/strong><\/p>\n<p>Washington, EEUU.- El presidente Donald Trump sugiri\u00f3 hoy hacer otro cambio de nombre, esta vez al estrecho de Ormuz, que pasar\u00eda a llamarse el \u00abestrecho de Trump\u00bb, ahora que, seg\u00fan \u00e9l, \u201clo tenemos bajo control de Estados Unidos\u201d.<\/p>\n<div class=\"elementor-element elementor-element-0aea3a0 elementor-widget elementor-widget-theme-post-content\" data-id=\"0aea3a0\" data-element_type=\"widget\" data-e-type=\"widget\" data-widget_type=\"theme-post-content.default\">\n<div class=\"elementor-widget-container\">\n<p>As\u00ed lo public\u00f3 en un mensaje en su plataforma preferida, Truth Social, donde escribi\u00f3: \u00abAhora que lo tenemos bajo control de EE.UU., \u00bfdeber\u00edamos cambiar el nombre de estrecho de Ormuz a ESTRECHO DE TRUMP? \u00a1Al igual que Estados Unidos, ser\u00eda m\u00e1s \u2018candente\u2019 que nunca!\u00bb<\/p>\n<p>Esta idea del mandatario republicano surgi\u00f3 despu\u00e9s de amagar con convertir esa importante v\u00eda mar\u00edtima internacional, cuyas aguas ba\u00f1an territorios de Om\u00e1n e Ir\u00e1n, en un territorio estadounidense.<\/p>\n<p>\u00abMuy pronto declarar\u00e9 el estrecho de Ormuz territorio de Estados Unidos\u00bb, subray\u00f3 Trump en unas declaraciones el mes pasado.<\/p>\n<p>Por el estrecho de Ormuz transita aproximadamente el 20 por ciento del petr\u00f3leo y el gas mundial.<\/p>\n<p>El conflicto con Ir\u00e1n sobrepas\u00f3 los seis meses de duraci\u00f3n y todav\u00eda se observan luces en el horizonte de un acuerdo para poner fin a la guerra -pese a los reiterados anuncios de Trump- y que Ir\u00e1n desista de su programa nuclear.<\/p>\n<p>La v\u00edspera Estados Unidos lanz\u00f3 una nueva oleada de ataques contra Ir\u00e1n y Trump dijo que no intenta obligar a Teher\u00e1n a \u201csentarse a la mesa de negociaciones\u00bb.<\/p>\n<p>\u00abMe da exactamente igual si firman un acuerdo que para ellos no vale nada. Me gusta mucho m\u00e1s nuestra posici\u00f3n actual, con un control casi total del estrecho de Ormuz y su econom\u00eda colapsando por completo\u00bb, declar\u00f3 en su plataforma en Internet.<\/p>\n<p>La semana pasada el gobernante republicano consum\u00f3 lo que ven\u00eda anunciando: firm\u00f3 una orden ejecutiva para cambiar formalmente el nombre del lago Ontario a lago Am\u00e9rica, en medio de la guerra comercial entre Estados Unidos y Canad\u00e1.<\/p>\n<p>\u00abVamos a cambiar el nombre del lago Ontario a lago Am\u00e9rica con efecto inmediato\u00bb, dijo Trump el jueves en la Casa Blanca poco antes de rubricar la orden.<\/p>\n<p>Con anterioridad, Trump quiso transformar el golfo de M\u00e9xico en golfo de Am\u00e9rica. En aquel momento, y como si el asunto resultara un motivo de broma, apunt\u00f3: \u00abSi lo piensas bien, tenemos un golfo, ahora tenemos un lago; lo \u00fanico que nos falta es un oc\u00e9ano\u00bb.<\/p>\n<p>Entonces vino el puntillazo: \u00abQuiz\u00e1s tengamos que cambiar el nombre del Atl\u00e1ntico y\/o del Pac\u00edfico. Tal vez los cambiemos ambos\u00bb.<\/p>\n<\/div>\n<\/div>\n<div class=\"elementor-element elementor-element-4f75016 elementor-widget elementor-widget-post-info\" data-id=\"4f75016\" data-element_type=\"widget\" data-e-type=\"widget\" data-widget_type=\"post-info.default\">\n<div class=\"elementor-widget-container\">\n<ul class=\"elementor-inline-items elementor-icon-list-items elementor-post-info\">\n<li class=\"elementor-icon-list-item elementor-repeater-item-17dda3e elementor-inline-item\"><span class=\"elementor-icon-list-text elementor-post-info__item elementor-post-info__item--type-custom\">#<em><a href=\"https:\/\/primermomento.com\/?p=473047\" rel=\"tag\">estrecho de Trump<\/a><\/em><\/span><\/li>\n<\/ul>\n<\/div>\n<\/div>\n","protected":false},"excerpt":{"rendered":"<p>Por Prensa Latina Washington, EEUU.- El presidente Donald Trump sugiri\u00f3 hoy hacer otro cambio de nombre, esta vez al estrecho de Ormuz, que pasar\u00eda a llamarse el \u00abestrecho de Trump\u00bb, ahora que, seg\u00fan \u00e9l, \u201clo tenemos bajo control de Estados Unidos\u201d. As\u00ed lo public\u00f3 en un mensaje en su plataforma preferida, Truth Social, donde escribi\u00f3: [&hellip;]<\/p>\n","protected":false},"author":1,"featured_media":464539,"comment_status":"open","ping_status":"open","sticky":false,"template":"","format":"standard","meta":{"_bbp_topic_count":0,"_bbp_reply_count":0,"_bbp_total_topic_count":0,"_bbp_total_reply_count":0,"_bbp_voice_count":0,"_bbp_anonymous_reply_count":0,"_bbp_topic_count_hidden":0,"_bbp_reply_count_hidden":0,"_bbp_forum_subforum_count":0,"footnotes":""},"categories":[30],"tags":[],"class_list":["post-473047","post","type-post","status-publish","format-standard","has-post-thumbnail","category-actualidad"],"_links":{"self":[{"href":"https:\/\/primermomento.com\/index.php?rest_route=\/wp\/v2\/posts\/473047","targetHints":{"allow":["GET"]}}],"collection":[{"href":"https:\/\/primermomento.com\/index.php?rest_route=\/wp\/v2\/posts"}],"about":[{"href":"https:\/\/primermomento.com\/index.php?rest_route=\/wp\/v2\/types\/post"}],"author":[{"embeddable":true,"href":"https:\/\/primermomento.com\/index.php?rest_route=\/wp\/v2\/users\/1"}],"replies":[{"embeddable":true,"href":"https:\/\/primermomento.com\/index.php?rest_route=%2Fwp%2Fv2%2Fcomments&post=473047"}],"version-history":[{"count":1,"href":"https:\/\/primermomento.com\/index.php?rest_route=\/wp\/v2\/posts\/473047\/revisions"}],"predecessor-version":[{"id":473048,"href":"https:\/\/primermomento.com\/index.php?rest_route=\/wp\/v2\/posts\/473047\/revisions\/473048"}],"wp:featuredmedia":[{"embeddable":true,"href":"https:\/\/primermomento.com\/index.php?rest_route=\/wp\/v2\/media\/464539"}],"wp:attachment":[{"href":"https:\/\/primermomento.com\/index.php?rest_route=%2Fwp%2Fv2%2Fmedia&parent=473047"}],"wp:term":[{"taxonomy":"category","embeddable":true,"href":"https:\/\/primermomento.com\/index.php?rest_route=%2Fwp%2Fv2%2Fcategories&post=473047"},{"taxonomy":"post_tag","embeddable":true,"href":"https:\/\/primermomento.com\/index.php?rest_route=%2Fwp%2Fv2%2Ftags&post=473047"}],"curies":[{"name":"wp","href":"https:\/\/api.w.org\/{rel}","templated":true}]}}