{"id":473074,"date":"2026-09-02T08:45:18","date_gmt":"2026-09-02T12:45:18","guid":{"rendered":"https:\/\/primermomento.com\/?p=473074"},"modified":"2026-09-02T20:30:28","modified_gmt":"2026-09-03T00:30:28","slug":"exministros-y-exdirectores-agropecuarios-de-danilo-medina-se-suman-a-francisco-javier-garcia","status":"publish","type":"post","link":"https:\/\/primermomento.com\/?p=473074","title":{"rendered":"Exministros y exdirectores agropecuarios de Danilo Medina se suman a Francisco Javier Garc\u00eda"},"content":{"rendered":"<p><strong><em>Por <span style=\"color: #ff0000;\">Servicios de Primermomento.com<\/span><\/em><\/strong><\/p>\n<p>SANTO DOMINGO, Rep\u00fablica Dominicana.- Exministros y exdirectores de las principales instituciones del sector agropecuario durante los gobiernos de Danilo Medina anunciaron su respaldo al proyecto presidencial de Francisco Javier Garc\u00eda, convencidos de que representa la experiencia y la capacidad de Estado que necesita el pa\u00eds para recuperar la producci\u00f3n nacional y devolverle al campo dominicano el protagonismo que, aseguran, ha perdido.<\/p>\n<p>Los dirigentes, agrupados en la Direcci\u00f3n Ejecutiva del Sector Agropecuario que respalda a Francisco Javier Garc\u00eda, afirmaron que el campo dominicano necesita pasar de los discursos a las acciones y plantearon la necesidad de retomar pol\u00edticas de acompa\u00f1amiento directo a los productores, incluyendo las \u201cVisitas Sorpresa\u201d, como instrumento para identificar necesidades, financiar proyectos y llevar soluciones directamente a las comunidades rurales.<\/p>\n<p>\u201cEl campo dominicano necesita volver a ser escuchado. Necesita un gobierno que conozca sus problemas, que visite a los productores, que se siente con ellos y que convierta sus necesidades en pol\u00edticas p\u00fablicas. Francisco Javier Garc\u00eda tiene la experiencia y la capacidad para hacerlo\u201d, afirmaron.<\/p>\n<p>Los exfuncionarios consideraron que el sector agropecuario no puede continuar enfrentando lo que calificaron como falta de visi\u00f3n, experiencia e indiferencia, al tiempo que advirtieron que la seguridad alimentaria y la estabilidad econ\u00f3mica del pa\u00eds dependen de un campo productivo, competitivo y respaldado por el Estado.<\/p>\n<p><strong>\u201cFrancisco Javier Garc\u00eda sabe c\u00f3mo funciona el Estado\u201d<\/strong><\/p>\n<p>Los dirigentes destacaron que una de las principales fortalezas de Francisco Javier Garc\u00eda es su amplia experiencia en la administraci\u00f3n p\u00fablica y su conocimiento de las instituciones del Estado, elementos que, seg\u00fan afirmaron, le permitir\u00edan asumir desde el primer d\u00eda una agenda efectiva para la recuperaci\u00f3n del sector agropecuario.<\/p>\n<p><strong>Respaldo desde el sector agropecuario<\/strong><\/p>\n<p>Durante el encuentro participaron Emilio Toribio, exdirector del Instituto Agrario Dominicano (IAD), \u00c1ngel Est\u00e9vez, exministro de Agricultura; Olgo Fern\u00e1ndez, exdirector del Instituto Nacional de Recursos Hidr\u00e1ulicos (INDRHI); Juan Francisco Caraballo, exdirector del Fondo Especial para el Desarrollo Agropecuario (FEDA); Jos\u00e9 Dom\u00ednguez, exdirector del Consejo Estatal del Az\u00facar (CEA), y Eduard Camilo, exdirector del Programa de Pignoraci\u00f3n.\u00a0 Tambi\u00e9n participaron dirigentes campesinos y productores de la regi\u00f3n Sur del pa\u00eds, representantes de asociaciones de productores de Neiba y empresarios vinculados al sector agropecuario.<\/p>\n","protected":false},"excerpt":{"rendered":"<p>Por Servicios de Primermomento.com SANTO DOMINGO, Rep\u00fablica Dominicana.- Exministros y exdirectores de las principales instituciones del sector agropecuario durante los gobiernos de Danilo Medina anunciaron su respaldo al proyecto presidencial de Francisco Javier Garc\u00eda, convencidos de que representa la experiencia y la capacidad de Estado que necesita el pa\u00eds para recuperar la producci\u00f3n nacional y [&hellip;]<\/p>\n","protected":false},"author":1,"featured_media":473075,"comment_status":"open","ping_status":"open","sticky":false,"template":"","format":"standard","meta":{"_bbp_topic_count":0,"_bbp_reply_count":0,"_bbp_total_topic_count":0,"_bbp_total_reply_count":0,"_bbp_voice_count":0,"_bbp_anonymous_reply_count":0,"_bbp_topic_count_hidden":0,"_bbp_reply_count_hidden":0,"_bbp_forum_subforum_count":0,"footnotes":""},"categories":[31],"tags":[],"class_list":["post-473074","post","type-post","status-publish","format-standard","has-post-thumbnail","category-estados-unidos"],"_links":{"self":[{"href":"https:\/\/primermomento.com\/index.php?rest_route=\/wp\/v2\/posts\/473074","targetHints":{"allow":["GET"]}}],"collection":[{"href":"https:\/\/primermomento.com\/index.php?rest_route=\/wp\/v2\/posts"}],"about":[{"href":"https:\/\/primermomento.com\/index.php?rest_route=\/wp\/v2\/types\/post"}],"author":[{"embeddable":true,"href":"https:\/\/primermomento.com\/index.php?rest_route=\/wp\/v2\/users\/1"}],"replies":[{"embeddable":true,"href":"https:\/\/primermomento.com\/index.php?rest_route=%2Fwp%2Fv2%2Fcomments&post=473074"}],"version-history":[{"count":1,"href":"https:\/\/primermomento.com\/index.php?rest_route=\/wp\/v2\/posts\/473074\/revisions"}],"predecessor-version":[{"id":473076,"href":"https:\/\/primermomento.com\/index.php?rest_route=\/wp\/v2\/posts\/473074\/revisions\/473076"}],"wp:featuredmedia":[{"embeddable":true,"href":"https:\/\/primermomento.com\/index.php?rest_route=\/wp\/v2\/media\/473075"}],"wp:attachment":[{"href":"https:\/\/primermomento.com\/index.php?rest_route=%2Fwp%2Fv2%2Fmedia&parent=473074"}],"wp:term":[{"taxonomy":"category","embeddable":true,"href":"https:\/\/primermomento.com\/index.php?rest_route=%2Fwp%2Fv2%2Fcategories&post=473074"},{"taxonomy":"post_tag","embeddable":true,"href":"https:\/\/primermomento.com\/index.php?rest_route=%2Fwp%2Fv2%2Ftags&post=473074"}],"curies":[{"name":"wp","href":"https:\/\/api.w.org\/{rel}","templated":true}]}}