{"id":473100,"date":"2026-09-03T07:10:27","date_gmt":"2026-09-03T11:10:27","guid":{"rendered":"https:\/\/primermomento.com\/?p=473100"},"modified":"2026-09-03T08:52:56","modified_gmt":"2026-09-03T12:52:56","slug":"iran-reporta-18-muertos-y-76-heridos-por-ataques-estadounidenses","status":"publish","type":"post","link":"https:\/\/primermomento.com\/?p=473100","title":{"rendered":"Ir\u00e1n reporta 18 muertos y 76 heridos por ataques estadounidenses"},"content":{"rendered":"<p><strong><em>Por<span style=\"color: #ff0000;\"> Prensa Latina<\/span><\/em><\/strong><\/p>\n<p>Teher\u00e1n, IR\u00c1N.- Al menos 18 personas murieron y otras 76 resultaron heridas como consecuencia de ataques estadounidenses contra varias zonas de Ir\u00e1n, informaron hoy autoridades locales y militares.<\/p>\n<div class=\"elementor-element elementor-element-0aea3a0 elementor-widget elementor-widget-theme-post-content\" data-id=\"0aea3a0\" data-element_type=\"widget\" data-e-type=\"widget\" data-widget_type=\"theme-post-content.default\">\n<div class=\"elementor-widget-container\">\n<p>El vicegobernador de Hormozgan, Ahmad Nafisi, anunci\u00f3 que cuatro personas fallecieron y 68 resultaron heridas tras un ataque contra una vivienda donde se celebraba una boda en la ciudad de Kuhstak, distrito de Sirik.<\/p>\n<p>En la provincia de Juzest\u00e1n, el vicegobernador Valiollah Hayati inform\u00f3 de siete muertos y ocho heridos por impactos de misiles contra tres puntos de ese territorio durante la noche.<\/p>\n<p>Por su parte, la Guardia Revolucionaria iran\u00ed comunic\u00f3 la muerte de cuatro integrantes del Comando de la Fuerza Aeroespacial en la provincia de Kermanshah y de tres miembros de la milicia Basij durante un ataque contra la isla de Lavan.<\/p>\n<p>El Comando Central de Estados Unidos (Centcom) anunci\u00f3 el mi\u00e9rcoles la conclusi\u00f3n de una serie de operaciones iniciadas la noche anterior contra objetivos de la Guardia Revolucionaria dentro de territorio iran\u00ed.<\/p>\n<p>Teher\u00e1n respondi\u00f3 con ataques contra instalaciones que identific\u00f3 como bases y objetivos estadounidenses en varios pa\u00edses \u00e1rabes de la regi\u00f3n.<\/p>\n<p>Los actuales enfrentamientos se producen tras anteriores episodios de tensi\u00f3n entre Washington y Teher\u00e1n relacionados, entre otros asuntos, con la seguridad del estrecho de Ormuz, una v\u00eda estrat\u00e9gica para el transporte mundial de petr\u00f3leo.<\/p>\n<p>Seg\u00fan los antecedentes citados, Estados Unidos e Israel lanzaron el 28 de febrero una ofensiva contra Ir\u00e1n, a la que Teher\u00e1n respondi\u00f3 con ataques contra objetivos estadounidenses e israel\u00edes en la regi\u00f3n.<\/p>\n<p>Washington y Teher\u00e1n alcanzaron posteriormente un entendimiento para poner fin a las hostilidades y reabrir el estrecho de Ormuz a la navegaci\u00f3n, aunque el acuerdo fracas\u00f3 posteriormente por discrepancias sobre su aplicaci\u00f3n y las garant\u00edas de seguridad en esa v\u00eda mar\u00edtima.<\/p>\n<p>Los enfrentamientos volvieron a intensificarse en julio, antes de que el Centcom anunciara esta semana una nueva serie de ataques contra objetivos dentro de Ir\u00e1n.<\/p>\n<\/div>\n<\/div>\n<div class=\"elementor-element elementor-element-4f75016 elementor-widget elementor-widget-post-info\" data-id=\"4f75016\" data-element_type=\"widget\" data-e-type=\"widget\" data-widget_type=\"post-info.default\">\n<div class=\"elementor-widget-container\">\n<ul class=\"elementor-inline-items elementor-icon-list-items elementor-post-info\">\n<li class=\"elementor-icon-list-item elementor-repeater-item-17dda3e elementor-inline-item\"><em><span class=\"elementor-icon-list-text elementor-post-info__item elementor-post-info__item--type-custom\">#<a href=\"https:\/\/primermomento.com\/?p=473100\" rel=\"tag\">eeuu<\/a>\u00a0#<a href=\"https:\/\/primermomento.com\/?p=473100\" rel=\"tag\">ormuz<\/a><\/span><\/em><\/li>\n<\/ul>\n<\/div>\n<\/div>\n","protected":false},"excerpt":{"rendered":"<p>Por Prensa Latina Teher\u00e1n, IR\u00c1N.- Al menos 18 personas murieron y otras 76 resultaron heridas como consecuencia de ataques estadounidenses contra varias zonas de Ir\u00e1n, informaron hoy autoridades locales y militares. El vicegobernador de Hormozgan, Ahmad Nafisi, anunci\u00f3 que cuatro personas fallecieron y 68 resultaron heridas tras un ataque contra una vivienda donde se celebraba [&hellip;]<\/p>\n","protected":false},"author":1,"featured_media":473101,"comment_status":"open","ping_status":"open","sticky":false,"template":"","format":"standard","meta":{"_bbp_topic_count":0,"_bbp_reply_count":0,"_bbp_total_topic_count":0,"_bbp_total_reply_count":0,"_bbp_voice_count":0,"_bbp_anonymous_reply_count":0,"_bbp_topic_count_hidden":0,"_bbp_reply_count_hidden":0,"_bbp_forum_subforum_count":0,"footnotes":""},"categories":[61],"tags":[],"class_list":["post-473100","post","type-post","status-publish","format-standard","has-post-thumbnail","category-mundo"],"_links":{"self":[{"href":"https:\/\/primermomento.com\/index.php?rest_route=\/wp\/v2\/posts\/473100","targetHints":{"allow":["GET"]}}],"collection":[{"href":"https:\/\/primermomento.com\/index.php?rest_route=\/wp\/v2\/posts"}],"about":[{"href":"https:\/\/primermomento.com\/index.php?rest_route=\/wp\/v2\/types\/post"}],"author":[{"embeddable":true,"href":"https:\/\/primermomento.com\/index.php?rest_route=\/wp\/v2\/users\/1"}],"replies":[{"embeddable":true,"href":"https:\/\/primermomento.com\/index.php?rest_route=%2Fwp%2Fv2%2Fcomments&post=473100"}],"version-history":[{"count":1,"href":"https:\/\/primermomento.com\/index.php?rest_route=\/wp\/v2\/posts\/473100\/revisions"}],"predecessor-version":[{"id":473102,"href":"https:\/\/primermomento.com\/index.php?rest_route=\/wp\/v2\/posts\/473100\/revisions\/473102"}],"wp:featuredmedia":[{"embeddable":true,"href":"https:\/\/primermomento.com\/index.php?rest_route=\/wp\/v2\/media\/473101"}],"wp:attachment":[{"href":"https:\/\/primermomento.com\/index.php?rest_route=%2Fwp%2Fv2%2Fmedia&parent=473100"}],"wp:term":[{"taxonomy":"category","embeddable":true,"href":"https:\/\/primermomento.com\/index.php?rest_route=%2Fwp%2Fv2%2Fcategories&post=473100"},{"taxonomy":"post_tag","embeddable":true,"href":"https:\/\/primermomento.com\/index.php?rest_route=%2Fwp%2Fv2%2Ftags&post=473100"}],"curies":[{"name":"wp","href":"https:\/\/api.w.org\/{rel}","templated":true}]}}