{"id":473110,"date":"2026-09-03T10:34:31","date_gmt":"2026-09-03T14:34:31","guid":{"rendered":"https:\/\/primermomento.com\/?p=473110"},"modified":"2026-09-03T10:34:31","modified_gmt":"2026-09-03T14:34:31","slug":"extraditan-a-eeuu-otro-dominicano-acusado-de-narcotrafico-y-lavado-de-activos","status":"publish","type":"post","link":"https:\/\/primermomento.com\/?p=473110","title":{"rendered":"Extraditan a EEUU otro dominicano acusado de narcotr\u00e1fico y lavado de activos"},"content":{"rendered":"<p><strong><em>Por <span style=\"color: #ff0000;\">Servicios de Primermomento.com<\/span><\/em><\/strong><\/p>\n<p class=\"wp-block-paragraph\">SANTO DOMINGO, Rep\u00fablica Dominicana.- La Procuradur\u00eda General de la Rep\u00fablica (PGR) y la Direcci\u00f3n Nacional de Control de Drogas (DNCD), apoyados por el Servicio de Alguaciles de Estados Unidos, (U.S. Marshals) ejecutaron el traslado y entrega a las autoridades norteamericanas de un dominicano acusado de narcotr\u00e1fico y lavado de activos en Puerto Rico.<\/p>\n<p class=\"wp-block-paragraph\">Fidel Antonio Knight Cerda, (Nei) fue custodiado hacia el Aeropuerto Internacional de Las Am\u00e9ricas, (AILA-JFPG) por unidades especiales de la DNCD que lo entregaron a oficiales estadounidenses, quienes lo trasladaron en un vuelo comercial hacia la vecina isla.<\/p>\n<p class=\"wp-block-paragraph\">Knight Cerda de 36 a\u00f1os, enfrentar\u00e1 cargos por ante un tribunal para el Distrito judicial de Puerto Rico de asociaci\u00f3n delictuosa para distribuir narc\u00f3ticos, conspirar para distribuir cinco kilogramos o m\u00e1s de una mezcla o sustancia con cantidad detectable de coca\u00edna, complicidad, encubrimiento y lavado de activos.<\/p>\n<p class=\"wp-block-paragraph\">El dominicano fue arrestado por agentes policiales durante un operativo de seguimiento y vigilancia ejecutado en la provincia de La Romana, atendiendo a una orden de captura dictada por la Segunda Sala de la Suprema Corte de Justicia.<\/p>\n<p class=\"wp-block-paragraph\">La extradici\u00f3n se hizo efectiva en cumplimiento al decreto 541-26 del Poder Ejecutivo en estricto cumplimiento a los acuerdos bilaterales de cooperaci\u00f3n jur\u00eddica y lucha contra el crimen organizado transnacional entre la Rep\u00fablica Dominicana y Estados Unidos.<\/p>\n","protected":false},"excerpt":{"rendered":"<p>Por Servicios de Primermomento.com SANTO DOMINGO, Rep\u00fablica Dominicana.- La Procuradur\u00eda General de la Rep\u00fablica (PGR) y la Direcci\u00f3n Nacional de Control de Drogas (DNCD), apoyados por el Servicio de Alguaciles de Estados Unidos, (U.S. Marshals) ejecutaron el traslado y entrega a las autoridades norteamericanas de un dominicano acusado de narcotr\u00e1fico y lavado de activos en [&hellip;]<\/p>\n","protected":false},"author":1,"featured_media":473111,"comment_status":"open","ping_status":"open","sticky":false,"template":"","format":"standard","meta":{"_bbp_topic_count":0,"_bbp_reply_count":0,"_bbp_total_topic_count":0,"_bbp_total_reply_count":0,"_bbp_voice_count":0,"_bbp_anonymous_reply_count":0,"_bbp_topic_count_hidden":0,"_bbp_reply_count_hidden":0,"_bbp_forum_subforum_count":0,"footnotes":""},"categories":[30],"tags":[],"class_list":["post-473110","post","type-post","status-publish","format-standard","has-post-thumbnail","category-actualidad"],"_links":{"self":[{"href":"https:\/\/primermomento.com\/index.php?rest_route=\/wp\/v2\/posts\/473110","targetHints":{"allow":["GET"]}}],"collection":[{"href":"https:\/\/primermomento.com\/index.php?rest_route=\/wp\/v2\/posts"}],"about":[{"href":"https:\/\/primermomento.com\/index.php?rest_route=\/wp\/v2\/types\/post"}],"author":[{"embeddable":true,"href":"https:\/\/primermomento.com\/index.php?rest_route=\/wp\/v2\/users\/1"}],"replies":[{"embeddable":true,"href":"https:\/\/primermomento.com\/index.php?rest_route=%2Fwp%2Fv2%2Fcomments&post=473110"}],"version-history":[{"count":1,"href":"https:\/\/primermomento.com\/index.php?rest_route=\/wp\/v2\/posts\/473110\/revisions"}],"predecessor-version":[{"id":473112,"href":"https:\/\/primermomento.com\/index.php?rest_route=\/wp\/v2\/posts\/473110\/revisions\/473112"}],"wp:featuredmedia":[{"embeddable":true,"href":"https:\/\/primermomento.com\/index.php?rest_route=\/wp\/v2\/media\/473111"}],"wp:attachment":[{"href":"https:\/\/primermomento.com\/index.php?rest_route=%2Fwp%2Fv2%2Fmedia&parent=473110"}],"wp:term":[{"taxonomy":"category","embeddable":true,"href":"https:\/\/primermomento.com\/index.php?rest_route=%2Fwp%2Fv2%2Fcategories&post=473110"},{"taxonomy":"post_tag","embeddable":true,"href":"https:\/\/primermomento.com\/index.php?rest_route=%2Fwp%2Fv2%2Ftags&post=473110"}],"curies":[{"name":"wp","href":"https:\/\/api.w.org\/{rel}","templated":true}]}}