{"id":473119,"date":"2026-09-03T12:20:46","date_gmt":"2026-09-03T16:20:46","guid":{"rendered":"https:\/\/primermomento.com\/?p=473119"},"modified":"2026-09-03T12:20:46","modified_gmt":"2026-09-03T16:20:46","slug":"18-familias-del-sector-el-mani-abajo-seran-beneficiadas-con-la-reparacion-de-su-vivienda","status":"publish","type":"post","link":"https:\/\/primermomento.com\/?p=473119","title":{"rendered":"18 familias del sector El Man\u00ed Abajo ser\u00e1n beneficiadas con la reparaci\u00f3n de su vivienda"},"content":{"rendered":"<div style=\"width: 696px;\" class=\"wp-video\"><video class=\"wp-video-shortcode\" id=\"video-473119-1\" width=\"696\" height=\"392\" preload=\"metadata\" controls=\"controls\"><source type=\"video\/mp4\" src=\"https:\/\/primermomento.com\/wp-content\/uploads\/2026\/09\/Reparacion-de-vivienda-El-Mani-Abajo.mp4?_=1\" \/><a href=\"https:\/\/primermomento.com\/wp-content\/uploads\/2026\/09\/Reparacion-de-vivienda-El-Mani-Abajo.mp4\">https:\/\/primermomento.com\/wp-content\/uploads\/2026\/09\/Reparacion-de-vivienda-El-Mani-Abajo.mp4<\/a><\/video><\/div>\n<p><em><strong>Por <span style=\"color: #ff0000;\">Servicios de Primermomento.com<\/span><\/strong><\/em><\/p>\n<p>BAN\u00cd, Rep\u00fablica Dominicana.- La Alcald\u00eda de Ban\u00ed, a trav\u00e9s del Presupuesto Participativo Municipal (PPM), dej\u00f3 iniciada ayer mi\u00e9rcoles 02 de setiembre, la reparaci\u00f3n de 18 viviendas en el sector El Man\u00ed Abajo, con el fin de mejorar las condiciones de vida de familias vulnerables del municipio.<\/p>\n<p>Durante el acto de apertura de los trabajos, la vicealcaldesa y directora del PPM, Adriana Soto, inform\u00f3 que mediante el Presupuesto Participativo ser\u00e1n intervenidas 15 viviendas y otras tres de manera administrativa por disposici\u00f3n del alcalde Santo Ram\u00edrez para un total de 18.<\/p>\n<p><img loading=\"lazy\" decoding=\"async\" class=\"size-medium wp-image-473121 alignleft\" src=\"https:\/\/primermomento.com\/wp-content\/uploads\/2026\/09\/PHOTO-2026-09-03-11-25-04-2-300x200.jpg\" alt=\"\" width=\"300\" height=\"200\" srcset=\"https:\/\/primermomento.com\/wp-content\/uploads\/2026\/09\/PHOTO-2026-09-03-11-25-04-2-300x200.jpg 300w, https:\/\/primermomento.com\/wp-content\/uploads\/2026\/09\/PHOTO-2026-09-03-11-25-04-2-768x512.jpg 768w, https:\/\/primermomento.com\/wp-content\/uploads\/2026\/09\/PHOTO-2026-09-03-11-25-04-2-696x464.jpg 696w, https:\/\/primermomento.com\/wp-content\/uploads\/2026\/09\/PHOTO-2026-09-03-11-25-04-2.jpg 1000w\" sizes=\"auto, (max-width: 300px) 100vw, 300px\" \/>Al pronunciarse sobre esta importante obra, la vicealcaldesa Adriana Soto, destac\u00f3 el impacto que tienen estas reparaciones en la vida cotidiana de las familias beneficiadas.<\/p>\n<p>\u201cNo es f\u00e1cil cuando en una vivienda cae una gotera durante las noches cuando llueve, pero es mucho m\u00e1s gratificante cuando llegan las actividades de reparaci\u00f3n de viviendas, para corregir esos inconvenientes y llevar tranquilidad a las familias\u201d.<\/p>\n<p>Soto resalt\u00f3, adem\u00e1s, la importancia de las asambleas comunitarias del PPM, espacios donde los mun\u00edcipes tienen la oportunidad de expresar sus necesidades y presentar propuestas que posteriormente pueden convertirse en obras y soluciones para sus comunidades.<\/p>\n<p>\u201cQue bueno que, a trav\u00e9s de las asambleas comunitarias, los mun\u00edcipes pueden realizar sus peticiones. Tenemos un Gobierno local que s\u00ed responde a las necesidades de los menos pudientes\u201d, expres\u00f3 Soto.<\/p>\n<p>De su lado, la presidenta de la Junta de Vecinos de El Man\u00ed Abajo, Santa Cordero, manifest\u00f3 su satisfacci\u00f3n al ver materializada la solicitud realizada por el sector y agradeci\u00f3 la respuesta de las autoridades municipales.<\/p>\n<p>\u201cDe verdad que la necesitamos y estamos orgullosos de la vicealcaldesa y del alcalde que elegimos para nuestro municipio, porque siempre est\u00e1n pendientes de nosotros\u201d.<\/p>\n","protected":false},"excerpt":{"rendered":"<p>Por Servicios de Primermomento.com BAN\u00cd, Rep\u00fablica Dominicana.- La Alcald\u00eda de Ban\u00ed, a trav\u00e9s del Presupuesto Participativo Municipal (PPM), dej\u00f3 iniciada ayer mi\u00e9rcoles 02 de setiembre, la reparaci\u00f3n de 18 viviendas en el sector El Man\u00ed Abajo, con el fin de mejorar las condiciones de vida de familias vulnerables del municipio. Durante el acto de apertura [&hellip;]<\/p>\n","protected":false},"author":1,"featured_media":473123,"comment_status":"open","ping_status":"open","sticky":false,"template":"","format":"video","meta":{"_bbp_topic_count":0,"_bbp_reply_count":0,"_bbp_total_topic_count":0,"_bbp_total_reply_count":0,"_bbp_voice_count":0,"_bbp_anonymous_reply_count":0,"_bbp_topic_count_hidden":0,"_bbp_reply_count_hidden":0,"_bbp_forum_subforum_count":0,"footnotes":""},"categories":[30,106],"tags":[],"class_list":["post-473119","post","type-post","status-publish","format-video","has-post-thumbnail","category-actualidad","category-video-news","post_format-post-format-video"],"_links":{"self":[{"href":"https:\/\/primermomento.com\/index.php?rest_route=\/wp\/v2\/posts\/473119","targetHints":{"allow":["GET"]}}],"collection":[{"href":"https:\/\/primermomento.com\/index.php?rest_route=\/wp\/v2\/posts"}],"about":[{"href":"https:\/\/primermomento.com\/index.php?rest_route=\/wp\/v2\/types\/post"}],"author":[{"embeddable":true,"href":"https:\/\/primermomento.com\/index.php?rest_route=\/wp\/v2\/users\/1"}],"replies":[{"embeddable":true,"href":"https:\/\/primermomento.com\/index.php?rest_route=%2Fwp%2Fv2%2Fcomments&post=473119"}],"version-history":[{"count":1,"href":"https:\/\/primermomento.com\/index.php?rest_route=\/wp\/v2\/posts\/473119\/revisions"}],"predecessor-version":[{"id":473124,"href":"https:\/\/primermomento.com\/index.php?rest_route=\/wp\/v2\/posts\/473119\/revisions\/473124"}],"wp:featuredmedia":[{"embeddable":true,"href":"https:\/\/primermomento.com\/index.php?rest_route=\/wp\/v2\/media\/473123"}],"wp:attachment":[{"href":"https:\/\/primermomento.com\/index.php?rest_route=%2Fwp%2Fv2%2Fmedia&parent=473119"}],"wp:term":[{"taxonomy":"category","embeddable":true,"href":"https:\/\/primermomento.com\/index.php?rest_route=%2Fwp%2Fv2%2Fcategories&post=473119"},{"taxonomy":"post_tag","embeddable":true,"href":"https:\/\/primermomento.com\/index.php?rest_route=%2Fwp%2Fv2%2Ftags&post=473119"}],"curies":[{"name":"wp","href":"https:\/\/api.w.org\/{rel}","templated":true}]}}