{"id":473126,"date":"2026-09-03T14:30:27","date_gmt":"2026-09-03T18:30:27","guid":{"rendered":"https:\/\/primermomento.com\/?p=473126"},"modified":"2026-09-03T14:30:27","modified_gmt":"2026-09-03T18:30:27","slug":"justicia-dominicana-impone-penas-de-hasta-30-anos-delitos-violentos","status":"publish","type":"post","link":"https:\/\/primermomento.com\/?p=473126","title":{"rendered":"Justicia dominicana impone penas de hasta 30 a\u00f1os delitos violentos"},"content":{"rendered":"<p><strong><em>Por <span style=\"color: #ff0000;\">Prensa Latina<\/span><\/em><\/strong><\/p>\n<p>SANTO DOMINGO, Rep\u00fablica Dominicana.- La justicia dominicana impuso hoy penas de 20 y 30 a\u00f1os de prisi\u00f3n a dos hombres declarados culpables de violaci\u00f3n sexual y asesinato, respectivamente, en hechos ocurridos en 2025, inform\u00f3 hoy el Ministerio P\u00fablico.<\/p>\n<div class=\"elementor-element elementor-element-0aea3a0 elementor-widget elementor-widget-theme-post-content\" data-id=\"0aea3a0\" data-element_type=\"widget\" data-e-type=\"widget\" data-widget_type=\"theme-post-content.default\">\n<div class=\"elementor-widget-container\">\n<p>En El Seibo, un tribunal conden\u00f3 a 20 a\u00f1os de prisi\u00f3n a Rafael Cordones por la violaci\u00f3n sexual de una adolescente, delito cometido junto a otro ciudadano que permanece pr\u00f3fugo.<\/p>\n<p>De acuerdo con la acusaci\u00f3n, ambos ingresaron durante la madrugada del 28 de mayo de 2025 en la vivienda donde se encontraba sola la v\u00edctima y la agredieron sexualmente.<\/p>\n<p>Posteriormente, Cordones amenaz\u00f3 de muerte a la adolescente y a su madre para impedir que denunciaran el hecho.<\/p>\n<p>El Ministerio P\u00fablico present\u00f3 como pruebas evaluaciones m\u00e9dico-legales y testimonios obtenidos mediante entrevista, que permitieron establecer la responsabilidad del condenado.<\/p>\n<p>Mientras, en Santo Domingo Este, el Segundo Tribunal Colegiado conden\u00f3 a 30 a\u00f1os de prisi\u00f3n a Y\u00fanior Andr\u00e9s Soldevilla por el asesinato a tiros de Alam Eddyckzon Florentino, ocurrido el 26 de febrero de 2025 en el Ensanche Isabelita.<\/p>\n<p>Seg\u00fan el expediente, Soldevilla dispar\u00f3 contra Florentino despu\u00e9s de un altercado en el que tambi\u00e9n estuvieron involucrados otros individuos. La v\u00edctima recibi\u00f3 varios impactos de bala y muri\u00f3 mientras recib\u00eda atenci\u00f3n m\u00e9dica.<\/p>\n<p>En ambos procesos, los tribunales acogieron las pruebas presentadas por el Ministerio P\u00fablico y determinaron la responsabilidad penal de los acusados.<\/p>\n<p>Las sentencias forman parte de los procesos judiciales impulsados por las autoridades dominicanas contra hechos de violencia sexual y delitos contra la vida.<\/p>\n<\/div>\n<\/div>\n<div class=\"elementor-element elementor-element-4f75016 elementor-widget elementor-widget-post-info\" data-id=\"4f75016\" data-element_type=\"widget\" data-e-type=\"widget\" data-widget_type=\"post-info.default\">\n<div class=\"elementor-widget-container\">\n<ul class=\"elementor-inline-items elementor-icon-list-items elementor-post-info\">\n<li class=\"elementor-icon-list-item elementor-repeater-item-17dda3e elementor-inline-item\"><em><span class=\"elementor-icon-list-text elementor-post-info__item elementor-post-info__item--type-custom\">#<a href=\"https:\/\/primermomento.com\/?p=473126\" rel=\"tag\">asesinato<\/a>\u00a0#<a href=\"https:\/\/primermomento.com\/?p=473126\" rel=\"tag\">justicia dominicana<\/a><\/span><\/em><\/li>\n<\/ul>\n<\/div>\n<\/div>\n","protected":false},"excerpt":{"rendered":"<p>Por Prensa Latina SANTO DOMINGO, Rep\u00fablica Dominicana.- La justicia dominicana impuso hoy penas de 20 y 30 a\u00f1os de prisi\u00f3n a dos hombres declarados culpables de violaci\u00f3n sexual y asesinato, respectivamente, en hechos ocurridos en 2025, inform\u00f3 hoy el Ministerio P\u00fablico. En El Seibo, un tribunal conden\u00f3 a 20 a\u00f1os de prisi\u00f3n a Rafael Cordones [&hellip;]<\/p>\n","protected":false},"author":1,"featured_media":473127,"comment_status":"open","ping_status":"open","sticky":false,"template":"","format":"standard","meta":{"_bbp_topic_count":0,"_bbp_reply_count":0,"_bbp_total_topic_count":0,"_bbp_total_reply_count":0,"_bbp_voice_count":0,"_bbp_anonymous_reply_count":0,"_bbp_topic_count_hidden":0,"_bbp_reply_count_hidden":0,"_bbp_forum_subforum_count":0,"footnotes":""},"categories":[30],"tags":[],"class_list":["post-473126","post","type-post","status-publish","format-standard","has-post-thumbnail","category-actualidad"],"_links":{"self":[{"href":"https:\/\/primermomento.com\/index.php?rest_route=\/wp\/v2\/posts\/473126","targetHints":{"allow":["GET"]}}],"collection":[{"href":"https:\/\/primermomento.com\/index.php?rest_route=\/wp\/v2\/posts"}],"about":[{"href":"https:\/\/primermomento.com\/index.php?rest_route=\/wp\/v2\/types\/post"}],"author":[{"embeddable":true,"href":"https:\/\/primermomento.com\/index.php?rest_route=\/wp\/v2\/users\/1"}],"replies":[{"embeddable":true,"href":"https:\/\/primermomento.com\/index.php?rest_route=%2Fwp%2Fv2%2Fcomments&post=473126"}],"version-history":[{"count":1,"href":"https:\/\/primermomento.com\/index.php?rest_route=\/wp\/v2\/posts\/473126\/revisions"}],"predecessor-version":[{"id":473128,"href":"https:\/\/primermomento.com\/index.php?rest_route=\/wp\/v2\/posts\/473126\/revisions\/473128"}],"wp:featuredmedia":[{"embeddable":true,"href":"https:\/\/primermomento.com\/index.php?rest_route=\/wp\/v2\/media\/473127"}],"wp:attachment":[{"href":"https:\/\/primermomento.com\/index.php?rest_route=%2Fwp%2Fv2%2Fmedia&parent=473126"}],"wp:term":[{"taxonomy":"category","embeddable":true,"href":"https:\/\/primermomento.com\/index.php?rest_route=%2Fwp%2Fv2%2Fcategories&post=473126"},{"taxonomy":"post_tag","embeddable":true,"href":"https:\/\/primermomento.com\/index.php?rest_route=%2Fwp%2Fv2%2Ftags&post=473126"}],"curies":[{"name":"wp","href":"https:\/\/api.w.org\/{rel}","templated":true}]}}