{"id":473131,"date":"2026-09-03T14:37:18","date_gmt":"2026-09-03T18:37:18","guid":{"rendered":"https:\/\/primermomento.com\/?p=473131"},"modified":"2026-09-03T14:37:18","modified_gmt":"2026-09-03T18:37:18","slug":"auditoria-sin-irregularidades-en-gestion-de-exministro-dominicano","status":"publish","type":"post","link":"https:\/\/primermomento.com\/?p=473131","title":{"rendered":"Auditor\u00eda sin irregularidades en gesti\u00f3n de exministro dominicano"},"content":{"rendered":"<p><strong><em>Por <span style=\"color: #ff0000;\">Prensa Latina<\/span><\/em><\/strong><\/p>\n<p>SANTO DOMINGO, Rep\u00fablica Dominicana.- La investigaci\u00f3n realizada por la C\u00e1mara de Cuentas de Rep\u00fablica Dominicana sobre la gesti\u00f3n de Roberto Fulcar al frente del Ministerio de Educaci\u00f3n descart\u00f3 hoy irregularidades, aunque formul\u00f3 recomendaciones dirigidas a fortalecer los controles administrativos de esa instituci\u00f3n.<\/p>\n<div class=\"elementor-element elementor-element-0aea3a0 elementor-widget elementor-widget-theme-post-content\" data-id=\"0aea3a0\" data-element_type=\"widget\" data-e-type=\"widget\" data-widget_type=\"theme-post-content.default\">\n<div class=\"elementor-widget-container\">\n<p>El examen correspondi\u00f3 al per\u00edodo comprendido entre el 17 de agosto de 2020 y el 3 de agosto de 2022, etapa en la que Fulcar estuvo al frente de esa cartera y se caracteriz\u00f3 por las consecuencias de la pandemia de Covid-19.<\/p>\n<p>La investigaci\u00f3n abarc\u00f3 procesos de contrataci\u00f3n, ejecuci\u00f3n de pagos, adquisici\u00f3n de bienes y servicios, compras, movimientos de recursos financieros, obtenci\u00f3n de equipos tecnol\u00f3gicos, inventarios y n\u00f3minas, entre otros procedimientos.<\/p>\n<p>De acuerdo con una nota difundida, las conclusiones del \u00f3rgano fiscalizador se concentran en observaciones de car\u00e1cter administrativo, documental, contable, de procedimiento y de control interno, sin se\u00f1alar irregularidades atribuibles a la gesti\u00f3n auditada.<\/p>\n<p>Entre las recomendaciones figuran el fortalecimiento de los mecanismos de selecci\u00f3n y contrataci\u00f3n, el resguardo de documentos, los controles administrativos y de inventario, as\u00ed como otros procedimientos institucionales.<\/p>\n<p>La administraci\u00f3n de Fulcar sostuvo ante los auditores que durante ese per\u00edodo adopt\u00f3 medidas para corregir algunas debilidades identificadas al inicio de su gesti\u00f3n.<\/p>\n<p>Consider\u00f3 que las observaciones deben analizarse dentro del contexto de las condiciones excepcionales en que se desarroll\u00f3 su mandato, debido a la pandemia.<\/p>\n<p>El exministro afirm\u00f3 que el Ministerio tuvo que adoptar medidas extraordinarias para garantizar la continuidad de la ense\u00f1anza y atender las necesidades de estudiantes, docentes y familias durante la emergencia sanitaria.<\/p>\n<p>Otro aspecto destacado en la respuesta de Fulcar es la delimitaci\u00f3n temporal de las responsabilidades establecida por el per\u00edodo auditado.<\/p>\n<p>En ese sentido, se\u00f1al\u00f3 que las actuaciones posteriores al 3 de agosto de 2022 corresponden a direcciones posteriores y no pueden ser atribuidas al per\u00edodo examinado por la C\u00e1mara de Cuentas.<\/p>\n<p>Fulcar manifest\u00f3 su satisfacci\u00f3n por los resultados de la fiscalizaci\u00f3n y sostuvo que durante su administraci\u00f3n se procur\u00f3 mantener principios de \u00e9tica, transparencia y responsabilidad en el manejo de los recursos p\u00fablicos.<\/p>\n<p>\u201cLa pandemia no pod\u00eda convertirse en una excusa para abandonar los principios de transparencia y responsabilidad\u201d, afirm\u00f3 el exministro, quien defendi\u00f3 que la gesti\u00f3n p\u00fablica debe ser evaluada a partir de documentos y evidencias.<\/p>\n<p>La investigaci\u00f3n de la C\u00e1mara de Cuentas se produjo sobre una de las instituciones p\u00fablicas de mayor dimensi\u00f3n del pa\u00eds, responsable de la administraci\u00f3n del sistema educativo preuniversitario dominicano.<\/p>\n<\/div>\n<\/div>\n<div class=\"elementor-element elementor-element-4f75016 elementor-widget elementor-widget-post-info\" data-id=\"4f75016\" data-element_type=\"widget\" data-e-type=\"widget\" data-widget_type=\"post-info.default\">\n<div class=\"elementor-widget-container\">\n<ul class=\"elementor-inline-items elementor-icon-list-items elementor-post-info\">\n<li class=\"elementor-icon-list-item elementor-repeater-item-17dda3e elementor-inline-item\"><span class=\"elementor-icon-list-text elementor-post-info__item elementor-post-info__item--type-custom\">#<em><a href=\"https:\/\/primermomento.com\/?p=473131\" rel=\"tag\">auditoria<\/a><\/em><\/span><\/li>\n<\/ul>\n<\/div>\n<\/div>\n","protected":false},"excerpt":{"rendered":"<p>Por Prensa Latina SANTO DOMINGO, Rep\u00fablica Dominicana.- La investigaci\u00f3n realizada por la C\u00e1mara de Cuentas de Rep\u00fablica Dominicana sobre la gesti\u00f3n de Roberto Fulcar al frente del Ministerio de Educaci\u00f3n descart\u00f3 hoy irregularidades, aunque formul\u00f3 recomendaciones dirigidas a fortalecer los controles administrativos de esa instituci\u00f3n. El examen correspondi\u00f3 al per\u00edodo comprendido entre el 17 de [&hellip;]<\/p>\n","protected":false},"author":1,"featured_media":334371,"comment_status":"open","ping_status":"open","sticky":false,"template":"","format":"standard","meta":{"_bbp_topic_count":0,"_bbp_reply_count":0,"_bbp_total_topic_count":0,"_bbp_total_reply_count":0,"_bbp_voice_count":0,"_bbp_anonymous_reply_count":0,"_bbp_topic_count_hidden":0,"_bbp_reply_count_hidden":0,"_bbp_forum_subforum_count":0,"footnotes":""},"categories":[30],"tags":[],"class_list":["post-473131","post","type-post","status-publish","format-standard","has-post-thumbnail","category-actualidad"],"_links":{"self":[{"href":"https:\/\/primermomento.com\/index.php?rest_route=\/wp\/v2\/posts\/473131","targetHints":{"allow":["GET"]}}],"collection":[{"href":"https:\/\/primermomento.com\/index.php?rest_route=\/wp\/v2\/posts"}],"about":[{"href":"https:\/\/primermomento.com\/index.php?rest_route=\/wp\/v2\/types\/post"}],"author":[{"embeddable":true,"href":"https:\/\/primermomento.com\/index.php?rest_route=\/wp\/v2\/users\/1"}],"replies":[{"embeddable":true,"href":"https:\/\/primermomento.com\/index.php?rest_route=%2Fwp%2Fv2%2Fcomments&post=473131"}],"version-history":[{"count":1,"href":"https:\/\/primermomento.com\/index.php?rest_route=\/wp\/v2\/posts\/473131\/revisions"}],"predecessor-version":[{"id":473132,"href":"https:\/\/primermomento.com\/index.php?rest_route=\/wp\/v2\/posts\/473131\/revisions\/473132"}],"wp:featuredmedia":[{"embeddable":true,"href":"https:\/\/primermomento.com\/index.php?rest_route=\/wp\/v2\/media\/334371"}],"wp:attachment":[{"href":"https:\/\/primermomento.com\/index.php?rest_route=%2Fwp%2Fv2%2Fmedia&parent=473131"}],"wp:term":[{"taxonomy":"category","embeddable":true,"href":"https:\/\/primermomento.com\/index.php?rest_route=%2Fwp%2Fv2%2Fcategories&post=473131"},{"taxonomy":"post_tag","embeddable":true,"href":"https:\/\/primermomento.com\/index.php?rest_route=%2Fwp%2Fv2%2Ftags&post=473131"}],"curies":[{"name":"wp","href":"https:\/\/api.w.org\/{rel}","templated":true}]}}