{"id":473137,"date":"2026-09-03T07:55:19","date_gmt":"2026-09-03T11:55:19","guid":{"rendered":"https:\/\/primermomento.com\/?p=473137"},"modified":"2026-09-03T14:43:53","modified_gmt":"2026-09-03T18:43:53","slug":"relacionan-el-alcohol-con-diferentes-tipos-de-cancer-en-los-hombres","status":"publish","type":"post","link":"https:\/\/primermomento.com\/?p=473137","title":{"rendered":"Relacionan el alcohol con diferentes tipos de c\u00e1ncer en los hombres"},"content":{"rendered":"<p><strong><em>Por <span style=\"color: #ff0000;\">Prensa Latina<\/span><\/em><\/strong><\/p>\n<p>Washington, EEUU.- Un estudio demostr\u00f3 que los hombres entre 20 y 54 a\u00f1os de edad fueron los m\u00e1s afectados por el c\u00e1ncer colorrectal, la principal causa de muerte por tumores atribuibles al alcohol.<\/p>\n<div class=\"elementor-element elementor-element-0aea3a0 elementor-widget elementor-widget-theme-post-content\" data-id=\"0aea3a0\" data-element_type=\"widget\" data-e-type=\"widget\" data-widget_type=\"theme-post-content.default\">\n<div class=\"elementor-widget-container\">\n<p>Seg\u00fan la revista The Lancet Regional Health\u2013Americas, la investigaci\u00f3n tambi\u00e9n revel\u00f3 que los fallecimientos por c\u00e1ncer relacionadas con el alcohol no se limitan a los adultos mayores ni al c\u00e1ncer de h\u00edgado.<\/p>\n<p>Los expertos del Sylvester Comprehensive Cancer Center, que forma parte de la Facultad de Medicina Miller de la Universidad de Miami, Estados Unidos, precisaron que el c\u00e1ncer de mama ocup\u00f3 el primer lugar en mujeres.<\/p>\n<p>El estudio tambi\u00e9n muestra una creciente incidencia de c\u00e1ncer colorrectal, esof\u00e1gico, pancre\u00e1tico y otros tipos de c\u00e1ncer debido al consumo de alcohol.<\/p>\n<p>En tal sentido, la Agencia Internacional para la Investigaci\u00f3n del C\u00e1ncer (IICH) clasific\u00f3 el alcohol como carcin\u00f3geno del Grupo 1, en la misma categor\u00eda que el humo del tabaco y el amianto.<\/p>\n<p>La evidencia cient\u00edfica vincula el consumo de alcohol con c\u00e1nceres de mama, h\u00edgado, es\u00f3fago, colon y recto, as\u00ed como con diversos tipos de c\u00e1ncer de cabeza y cuello, resalt\u00f3 el art\u00edculo de la revista The Lancet Regional Health\u2013Americas.<\/p>\n<p>Los expertos explicaron que la relaci\u00f3n del alcohol con el c\u00e1ncer de h\u00edgado es ampliamente reconocida, su contribuci\u00f3n a c\u00e1nceres como el colorrectal, el de es\u00f3fago, el de mama, el de p\u00e1ncreas y el de pr\u00f3stata son menos conocida por la ciudadan\u00eda.<\/p>\n<p>Dicho estudio aclar\u00f3 que el riesgo de c\u00e1ncer relacionado con el alcohol no se limita a una sola enfermedad ni a un solo grupo de personas.<\/p>\n<p>Los cient\u00edficos recomendaron explicar a las personas que el consumo de la mencionada sustancia es un factor de riesgo modificable.<\/p>\n<\/div>\n<\/div>\n<div class=\"elementor-element elementor-element-4f75016 elementor-widget elementor-widget-post-info\" data-id=\"4f75016\" data-element_type=\"widget\" data-e-type=\"widget\" data-widget_type=\"post-info.default\">\n<div class=\"elementor-widget-container\">\n<ul class=\"elementor-inline-items elementor-icon-list-items elementor-post-info\">\n<li class=\"elementor-icon-list-item elementor-repeater-item-17dda3e elementor-inline-item\"><em><span class=\"elementor-icon-list-text elementor-post-info__item elementor-post-info__item--type-custom\">#<a href=\"https:\/\/primermomento.com\/?p=473137\" rel=\"tag\">alcohol<\/a>\u00a0#<a href=\"https:\/\/primermomento.com\/?p=473137\" rel=\"tag\">c\u00e1ncer<\/a>\u00a0#<a href=\"https:\/\/primermomento.com\/?p=473137\" rel=\"tag\">hombres<\/a><\/span><\/em><\/li>\n<\/ul>\n<\/div>\n<\/div>\n","protected":false},"excerpt":{"rendered":"<p>Por Prensa Latina Washington, EEUU.- Un estudio demostr\u00f3 que los hombres entre 20 y 54 a\u00f1os de edad fueron los m\u00e1s afectados por el c\u00e1ncer colorrectal, la principal causa de muerte por tumores atribuibles al alcohol. Seg\u00fan la revista The Lancet Regional Health\u2013Americas, la investigaci\u00f3n tambi\u00e9n revel\u00f3 que los fallecimientos por c\u00e1ncer relacionadas con el [&hellip;]<\/p>\n","protected":false},"author":1,"featured_media":277447,"comment_status":"open","ping_status":"open","sticky":false,"template":"","format":"standard","meta":{"_bbp_topic_count":0,"_bbp_reply_count":0,"_bbp_total_topic_count":0,"_bbp_total_reply_count":0,"_bbp_voice_count":0,"_bbp_anonymous_reply_count":0,"_bbp_topic_count_hidden":0,"_bbp_reply_count_hidden":0,"_bbp_forum_subforum_count":0,"footnotes":""},"categories":[36],"tags":[],"class_list":["post-473137","post","type-post","status-publish","format-standard","has-post-thumbnail","category-salud"],"_links":{"self":[{"href":"https:\/\/primermomento.com\/index.php?rest_route=\/wp\/v2\/posts\/473137","targetHints":{"allow":["GET"]}}],"collection":[{"href":"https:\/\/primermomento.com\/index.php?rest_route=\/wp\/v2\/posts"}],"about":[{"href":"https:\/\/primermomento.com\/index.php?rest_route=\/wp\/v2\/types\/post"}],"author":[{"embeddable":true,"href":"https:\/\/primermomento.com\/index.php?rest_route=\/wp\/v2\/users\/1"}],"replies":[{"embeddable":true,"href":"https:\/\/primermomento.com\/index.php?rest_route=%2Fwp%2Fv2%2Fcomments&post=473137"}],"version-history":[{"count":1,"href":"https:\/\/primermomento.com\/index.php?rest_route=\/wp\/v2\/posts\/473137\/revisions"}],"predecessor-version":[{"id":473138,"href":"https:\/\/primermomento.com\/index.php?rest_route=\/wp\/v2\/posts\/473137\/revisions\/473138"}],"wp:featuredmedia":[{"embeddable":true,"href":"https:\/\/primermomento.com\/index.php?rest_route=\/wp\/v2\/media\/277447"}],"wp:attachment":[{"href":"https:\/\/primermomento.com\/index.php?rest_route=%2Fwp%2Fv2%2Fmedia&parent=473137"}],"wp:term":[{"taxonomy":"category","embeddable":true,"href":"https:\/\/primermomento.com\/index.php?rest_route=%2Fwp%2Fv2%2Fcategories&post=473137"},{"taxonomy":"post_tag","embeddable":true,"href":"https:\/\/primermomento.com\/index.php?rest_route=%2Fwp%2Fv2%2Ftags&post=473137"}],"curies":[{"name":"wp","href":"https:\/\/api.w.org\/{rel}","templated":true}]}}