{"id":473139,"date":"2026-09-03T16:54:35","date_gmt":"2026-09-03T20:54:35","guid":{"rendered":"https:\/\/primermomento.com\/?p=473139"},"modified":"2026-09-03T16:56:55","modified_gmt":"2026-09-03T20:56:55","slug":"dominicana-y-haiti-abordan-seguridad-y-apoyo-a-fuerza-internacional","status":"publish","type":"post","link":"https:\/\/primermomento.com\/?p=473139","title":{"rendered":"Dominicana y Hait\u00ed abordan seguridad y apoyo a fuerza internacional"},"content":{"rendered":"<p><strong><em>Por<span style=\"color: #ff0000;\"> Prensa Latina<\/span><\/em><\/strong><\/p>\n<p>SANTO DOMINGO, Rep\u00fablica Dominicana.- Rep\u00fablica Dominicana y Hait\u00ed acordaron continuar las gestiones para garantizar el despliegue completo de la Fuerza de Supresi\u00f3n de Bandas en territorio haitiano, durante una reuni\u00f3n celebrada hoy en la localidad fronteriza de Dajab\u00f3n.<\/p>\n<p>Los cancilleres V\u00edctor Bison\u00f3, de Rep\u00fablica Dominicana; y Raina Forbin, de Hait\u00ed, encabezaron el encuentro, en el que ambas delegaciones analizaron asuntos considerados prioritarios para las relaciones entre los dos pa\u00edses.<\/p>\n<p>Las partes coincidieron en la necesidad de fortalecer la cooperaci\u00f3n internacional en apoyo a dicha Fuerza, particularmente mediante acciones de sensibilizaci\u00f3n ante el Consejo de Seguridad de la Organizaci\u00f3n de las Naciones Unidas (ONU).<\/p>\n<p>Seg\u00fan una declaraci\u00f3n conjunta, ambos gobiernos trabajar\u00e1n para favorecer el despliegue completo de esa fuerza, aprobada mediante la resoluci\u00f3n 2793 del Consejo de Seguridad, y procurar la renovaci\u00f3n de su mandato.<\/p>\n<p>La iniciativa busca contribuir al restablecimiento de la estabilidad en Puerto Pr\u00edncipe, al fortalecimiento de sus instituciones y la creaci\u00f3n de condiciones para avanzar hacia una paz sostenible, se\u00f1alaron.<\/p>\n<p>La seguridad fronteriza y el combate a las econom\u00edas il\u00edcitas ocuparon asimismo un lugar central en las conversaciones, junto con los asuntos migratorios, la formalizaci\u00f3n del comercio y la inversi\u00f3n y la ampliaci\u00f3n de la conectividad a\u00e9rea. Los cancilleres consideraron necesario robustecer los mecanismos de cooperaci\u00f3n para mejorar la gesti\u00f3n de la seguridad en la frontera y la atenci\u00f3n de los asuntos migratorios.<\/p>\n<p>Durante la reuni\u00f3n se abord\u00f3 la normalizaci\u00f3n de las operaciones consulares dominicanas en Hait\u00ed, respecto a las cuales ambas partes expresaron su disposici\u00f3n a propiciar su restablecimiento cuando las condiciones de seguridad permitan su funcionamiento habitual.<\/p>\n<p>El encuentro tuvo lugar en las instalaciones del Parque Industrial Codevi y forma parte de los esfuerzos de ambos gobiernos por mantener abierto el di\u00e1logo bilateral sobre asuntos de inter\u00e9s com\u00fan.<\/p>\n<p>Posteriormente, las autoridades sostuvieron un intercambio con empresarios de los dos pa\u00edses sobre el desarrollo de actividades productivas, la creaci\u00f3n de empleos y la dinamizaci\u00f3n de las relaciones econ\u00f3micas.<\/p>\n<p>Los participantes resaltaron el papel del sector privado en el fortalecimiento de los v\u00ednculos econ\u00f3micos.<\/p>\n<p>La reuni\u00f3n concluy\u00f3 con el compromiso de mantener activo el di\u00e1logo bilateral como v\u00eda para abordar los asuntos comunes, bajo principios de respeto mutuo, soberan\u00eda y buena vecindad.<\/p>\n","protected":false},"excerpt":{"rendered":"<p>Por Prensa Latina SANTO DOMINGO, Rep\u00fablica Dominicana.- Rep\u00fablica Dominicana y Hait\u00ed acordaron continuar las gestiones para garantizar el despliegue completo de la Fuerza de Supresi\u00f3n de Bandas en territorio haitiano, durante una reuni\u00f3n celebrada hoy en la localidad fronteriza de Dajab\u00f3n. Los cancilleres V\u00edctor Bison\u00f3, de Rep\u00fablica Dominicana; y Raina Forbin, de Hait\u00ed, encabezaron el [&hellip;]<\/p>\n","protected":false},"author":1,"featured_media":473143,"comment_status":"open","ping_status":"open","sticky":false,"template":"","format":"standard","meta":{"_bbp_topic_count":0,"_bbp_reply_count":0,"_bbp_total_topic_count":0,"_bbp_total_reply_count":0,"_bbp_voice_count":0,"_bbp_anonymous_reply_count":0,"_bbp_topic_count_hidden":0,"_bbp_reply_count_hidden":0,"_bbp_forum_subforum_count":0,"footnotes":""},"categories":[30],"tags":[],"class_list":["post-473139","post","type-post","status-publish","format-standard","has-post-thumbnail","category-actualidad"],"_links":{"self":[{"href":"https:\/\/primermomento.com\/index.php?rest_route=\/wp\/v2\/posts\/473139","targetHints":{"allow":["GET"]}}],"collection":[{"href":"https:\/\/primermomento.com\/index.php?rest_route=\/wp\/v2\/posts"}],"about":[{"href":"https:\/\/primermomento.com\/index.php?rest_route=\/wp\/v2\/types\/post"}],"author":[{"embeddable":true,"href":"https:\/\/primermomento.com\/index.php?rest_route=\/wp\/v2\/users\/1"}],"replies":[{"embeddable":true,"href":"https:\/\/primermomento.com\/index.php?rest_route=%2Fwp%2Fv2%2Fcomments&post=473139"}],"version-history":[{"count":1,"href":"https:\/\/primermomento.com\/index.php?rest_route=\/wp\/v2\/posts\/473139\/revisions"}],"predecessor-version":[{"id":473140,"href":"https:\/\/primermomento.com\/index.php?rest_route=\/wp\/v2\/posts\/473139\/revisions\/473140"}],"wp:featuredmedia":[{"embeddable":true,"href":"https:\/\/primermomento.com\/index.php?rest_route=\/wp\/v2\/media\/473143"}],"wp:attachment":[{"href":"https:\/\/primermomento.com\/index.php?rest_route=%2Fwp%2Fv2%2Fmedia&parent=473139"}],"wp:term":[{"taxonomy":"category","embeddable":true,"href":"https:\/\/primermomento.com\/index.php?rest_route=%2Fwp%2Fv2%2Fcategories&post=473139"},{"taxonomy":"post_tag","embeddable":true,"href":"https:\/\/primermomento.com\/index.php?rest_route=%2Fwp%2Fv2%2Ftags&post=473139"}],"curies":[{"name":"wp","href":"https:\/\/api.w.org\/{rel}","templated":true}]}}