{"id":473144,"date":"2026-09-03T18:46:02","date_gmt":"2026-09-03T22:46:02","guid":{"rendered":"https:\/\/primermomento.com\/?p=473144"},"modified":"2026-09-03T18:46:02","modified_gmt":"2026-09-03T22:46:02","slug":"pobreza-bajo-de-26-a-16-por-ciento-afirma-presidente-dominicano","status":"publish","type":"post","link":"https:\/\/primermomento.com\/?p=473144","title":{"rendered":"Pobreza baj\u00f3 de 26 a 16 por ciento, afirma presidente dominicano"},"content":{"rendered":"<p><strong><em>Por <span style=\"color: #ff0000;\">Prensa Latina<\/span><\/em><\/strong><\/p>\n<p>SANTO DOMINGO, Rep\u00fablica Dominicana.- El presidente dominicano, Luis Abinader, destac\u00f3 hoy la reducci\u00f3n de la pobreza y el crecimiento de la econom\u00eda entre los principales resultados de su gesti\u00f3n, durante una conferencia sobre el relanzamiento de su Gobierno.<\/p>\n<div class=\"elementor-element elementor-element-0aea3a0 elementor-widget elementor-widget-theme-post-content\" data-id=\"0aea3a0\" data-element_type=\"widget\" data-e-type=\"widget\" data-widget_type=\"theme-post-content.default\">\n<div class=\"elementor-widget-container\">\n<p>En el encuentro, celebrado en el Ministerio de Vivienda, H\u00e1bitat y Edificaciones (Mivhed), el mandatario afirm\u00f3 que la pobreza descendi\u00f3 de cerca del 26 por ciento en 2019 a alrededor del 16 por ciento durante el primer trimestre de este a\u00f1o.<\/p>\n<p>Abinader se\u00f1al\u00f3 asimismo que el pa\u00eds avanza hacia la meta de hambre cero y consider\u00f3 que el pr\u00f3ximo paso debe ser mantener y profundizar esos resultados mediante pol\u00edticas p\u00fablicas dirigidas a mejorar las condiciones de vida de la poblaci\u00f3n.<\/p>\n<p>Seg\u00fan el jefe de Estado, la econom\u00eda dominicana acumula un crecimiento de 4,5 por ciento, acompa\u00f1ado de una evoluci\u00f3n favorable de los salarios, que, afirm\u00f3, han aumentado por encima de la inflaci\u00f3n.<\/p>\n<p>Tambi\u00e9n resalt\u00f3 el programa de inversiones en infraestructura y servicios p\u00fablicos desarrollado durante su gesti\u00f3n, con obras ejecutadas en diferentes comunidades y provincias.<\/p>\n<p>Entre las \u00e1reas priorizadas mencion\u00f3 el sector de la salud, con la construcci\u00f3n y modernizaci\u00f3n de hospitales en distintas zonas del pa\u00eds.<\/p>\n<p>En materia militar, Abinader sostuvo que Rep\u00fablica Dominicana experimenta una transformaci\u00f3n de sus capacidades y pas\u00f3, en sus palabras, de una posici\u00f3n de \u201cretaguardia a una de vanguardia\u201d.<\/p>\n<p>Explic\u00f3 que el pa\u00eds no solo adquiere equipos para sus cuerpos de seguridad y defensa, sino que tambi\u00e9n desarrolla capacidades para ensamblar y producir tecnolog\u00eda y equipamiento militar.<\/p>\n<p>Como ejemplo, cit\u00f3 la reciente visita del presidente hondure\u00f1o, Nasry Asfura, quien conoci\u00f3 las capacidades de la Industria Militar Dominicana y manifest\u00f3 inter\u00e9s en adquirir aeronaves y veh\u00edculos blindados ensamblados en el pa\u00eds.<\/p>\n<p>La conferencia \u201cComunicando el relanzamiento del Gobierno\u201d fue organizada por la Direcci\u00f3n de Prensa del Presidente como parte de las actividades destinadas a presentar los principales resultados de la actual administraci\u00f3n.<\/p>\n<\/div>\n<\/div>\n<div class=\"elementor-element elementor-element-4f75016 elementor-widget elementor-widget-post-info\" data-id=\"4f75016\" data-element_type=\"widget\" data-e-type=\"widget\" data-widget_type=\"post-info.default\">\n<div class=\"elementor-widget-container\">\n<ul class=\"elementor-inline-items elementor-icon-list-items elementor-post-info\">\n<li class=\"elementor-icon-list-item elementor-repeater-item-17dda3e elementor-inline-item\"><em><span class=\"elementor-icon-list-text elementor-post-info__item elementor-post-info__item--type-custom\">#<a href=\"https:\/\/primermomento.com\/?p=473144\" rel=\"tag\">pobreza<\/a>\u00a0#<a href=\"https:\/\/primermomento.com\/?p=473144\" rel=\"tag\">resultados del gobierno<\/a><\/span><\/em><\/li>\n<\/ul>\n<\/div>\n<\/div>\n","protected":false},"excerpt":{"rendered":"<p>Por Prensa Latina SANTO DOMINGO, Rep\u00fablica Dominicana.- El presidente dominicano, Luis Abinader, destac\u00f3 hoy la reducci\u00f3n de la pobreza y el crecimiento de la econom\u00eda entre los principales resultados de su gesti\u00f3n, durante una conferencia sobre el relanzamiento de su Gobierno. En el encuentro, celebrado en el Ministerio de Vivienda, H\u00e1bitat y Edificaciones (Mivhed), el [&hellip;]<\/p>\n","protected":false},"author":1,"featured_media":473145,"comment_status":"open","ping_status":"open","sticky":false,"template":"","format":"standard","meta":{"_bbp_topic_count":0,"_bbp_reply_count":0,"_bbp_total_topic_count":0,"_bbp_total_reply_count":0,"_bbp_voice_count":0,"_bbp_anonymous_reply_count":0,"_bbp_topic_count_hidden":0,"_bbp_reply_count_hidden":0,"_bbp_forum_subforum_count":0,"footnotes":""},"categories":[30],"tags":[],"class_list":["post-473144","post","type-post","status-publish","format-standard","has-post-thumbnail","category-actualidad"],"_links":{"self":[{"href":"https:\/\/primermomento.com\/index.php?rest_route=\/wp\/v2\/posts\/473144","targetHints":{"allow":["GET"]}}],"collection":[{"href":"https:\/\/primermomento.com\/index.php?rest_route=\/wp\/v2\/posts"}],"about":[{"href":"https:\/\/primermomento.com\/index.php?rest_route=\/wp\/v2\/types\/post"}],"author":[{"embeddable":true,"href":"https:\/\/primermomento.com\/index.php?rest_route=\/wp\/v2\/users\/1"}],"replies":[{"embeddable":true,"href":"https:\/\/primermomento.com\/index.php?rest_route=%2Fwp%2Fv2%2Fcomments&post=473144"}],"version-history":[{"count":1,"href":"https:\/\/primermomento.com\/index.php?rest_route=\/wp\/v2\/posts\/473144\/revisions"}],"predecessor-version":[{"id":473146,"href":"https:\/\/primermomento.com\/index.php?rest_route=\/wp\/v2\/posts\/473144\/revisions\/473146"}],"wp:featuredmedia":[{"embeddable":true,"href":"https:\/\/primermomento.com\/index.php?rest_route=\/wp\/v2\/media\/473145"}],"wp:attachment":[{"href":"https:\/\/primermomento.com\/index.php?rest_route=%2Fwp%2Fv2%2Fmedia&parent=473144"}],"wp:term":[{"taxonomy":"category","embeddable":true,"href":"https:\/\/primermomento.com\/index.php?rest_route=%2Fwp%2Fv2%2Fcategories&post=473144"},{"taxonomy":"post_tag","embeddable":true,"href":"https:\/\/primermomento.com\/index.php?rest_route=%2Fwp%2Fv2%2Ftags&post=473144"}],"curies":[{"name":"wp","href":"https:\/\/api.w.org\/{rel}","templated":true}]}}