{"id":473156,"date":"2026-09-03T06:40:59","date_gmt":"2026-09-03T10:40:59","guid":{"rendered":"https:\/\/primermomento.com\/?p=473156"},"modified":"2026-09-03T20:25:24","modified_gmt":"2026-09-04T00:25:24","slug":"logomarca-reconoce-13-personalidades-por-destacadas-trayectorias-en-deporte-y-comunicacio","status":"publish","type":"post","link":"https:\/\/primermomento.com\/?p=473156","title":{"rendered":"Logomarca reconoce 13 personalidades por destacadas trayectorias en deporte y comunicaci\u00f3"},"content":{"rendered":"<hr \/>\n<p><span lang=\"ES-DO\"><strong>\u2022<\/strong> <strong>Lorenzo G\u00f3mez Mar\u00edn sostuvo que reconocer a estas figuras, es un acto de justicia ante la necesidad de resaltar a las nuevas generaciones valores y ejemplos de vida.<\/strong><b><\/b><\/span><\/p>\n<hr \/>\n<p><strong><em><span lang=\"ES-DO\">Por <span style=\"color: #ff0000;\">Servicio de Prensa<\/span><\/span><\/em><\/strong><\/p>\n<p><span lang=\"ES-DO\">SANTO DOMINGO, Rep\u00fablica Dominicana.-<\/span><span lang=\"ES-DO\">\u00a0La empresa Logomarca homenaje\u00f3 \u00a0a trece personalidades del deporte y la comunicaci\u00f3n deportiva en virtud de sus trayectorias, las cuales han trascendido en el \u00e1mbito social.<\/span><\/p>\n<p><b><span lang=\"ES-DO\">Lorenzo G\u00f3mez Mar\u00edn<\/span><\/b><span lang=\"ES-DO\">, presidente de Logomarca, indic\u00f3 \u00a0que reconocer a estas figuras representa un acto de justicia ante la necesidad de resaltar los valores, trayectorias, proezas y ejemplos de vida. La empresa cumple 40 a\u00f1os siendo l\u00edder en el mercado de sellos, placas y accesorios conmemorativos.<\/span><\/p>\n<p><b><span lang=\"ES-DO\">G\u00f3mez Mar\u00edn<\/span><\/b><span lang=\"ES-DO\">\u00a0se\u00f1al\u00f3 que desde hace a\u00f1os se ha establecido en la empresa la actitud de agradecer a quienes desde diversos \u00e1mbitos, engrandecen la dominicanidad y la identidad.<\/span><\/p>\n<p><span lang=\"ES-DO\">El acto de reconocimiento se desarroll\u00f3 en el sal\u00f3n de actos de Logomarca ante un p\u00fablico integrado por directivos deportivos \u2014en especial del \u00e1mbito ol\u00edmpico\u2014, figuras de la comunicaci\u00f3n social y personalidades de diversos sectores.<\/span><\/p>\n<p><span lang=\"ES-DO\">En un detallado informe, la empresa explic\u00f3 las razones del homenaje a cada uno de los reconocidos:<\/span><\/p>\n<p><b><span lang=\"ES-DO\">Jos\u00e9 P. Monegro<\/span><\/b><span lang=\"ES-DO\">: Periodista, abogado, director del peri\u00f3dico\u00a0<i>El D\u00eda<\/i>\u00a0y dirigente vinculado al deporte. Labor\u00f3 durante 15 a\u00f1os como ejecutivo en el Grupo de Comunicaciones Corripio. Su labor no se ha limitado al \u00e1mbito period\u00edstico; presidi\u00f3 la Asociaci\u00f3n de Baloncesto del Distrito Nacional (Abadina), contribuyendo a su fortalecimiento y al desarrollo de la disciplina. Es miembro del Comit\u00e9 Permanente del Pabell\u00f3n de la Fama del Deporte Dominicano, ocupando la vacante dejada por el fallecido\u00a0<b>Luis Ram\u00f3n Cordero<\/b>. Fue presidente del Comit\u00e9 Organizador de los XXV Juegos Centroamericanos y del Caribe, evento que conmemor\u00f3 los 100 a\u00f1os de estas jornadas continentales con un \u00e9xito sin precedentes.\u00a0<i>Proeza profesional:<\/i>\u00a0Combinar el ejercicio period\u00edstico y la direcci\u00f3n de uno de los principales diarios dominicanos con la gesti\u00f3n deportiva nacional.<\/span><\/p>\n<p><b><span lang=\"ES-DO\">H\u00e9ctor J. Cruz<\/span><\/b><span lang=\"ES-DO\">: Cronista, escritor e historiador del deporte dominicano. Inici\u00f3 su carrera period\u00edstica en octubre de 1972 en el peri\u00f3dico\u00a0<i>El Nacional<\/i>, para luego ingresar a\u00a0<i>List\u00edn Diario<\/i>\u00a0como reportero deportivo, alcanzando la posici\u00f3n de editor deportivo. Uno de sus mayores aportes es la documentaci\u00f3n escrita que ha generado en torno a la historia deportiva nacional, respaldada por una veintena de obras dedicadas a la historia general del deporte y a biograf\u00edas de grandes peloteros. Incursion\u00f3 en la producci\u00f3n audiovisual con documentales especializados y en 2022 fue exaltado al Pabell\u00f3n de la Fama del Deporte Dominicano. En agosto de 2026 recibi\u00f3 el Premio Fundaci\u00f3n Corripio de Comunicaci\u00f3n en la categor\u00eda de Periodismo Deportivo en Prensa Escrita.\u00a0<i>Proeza:<\/i>\u00a0Convertir la cr\u00f3nica deportiva en memoria hist\u00f3rica a trav\u00e9s de una bibliograf\u00eda que documenta a generaciones de atletas dominicanos.<\/span><\/p>\n<p><b><span lang=\"ES-DO\">Ernesto Kranwinkel<\/span><\/b><span lang=\"ES-DO\">: Referente con 42 a\u00f1os de trayectoria como narrador deportivo, habi\u00e9ndose iniciado a los 18 a\u00f1os. Se ha destacado en la narraci\u00f3n de baloncesto y b\u00e9isbol \u2014incluyendo transmisiones de la NBA y Grandes Ligas\u2014, integrando conocimiento t\u00e9cnico, cultura, historia, humor, emoci\u00f3n y frases emblem\u00e1ticas. Fue el creador del c\u00e9lebre apelativo \u00abPedro el Grande\u00bb para el lanzador\u00a0<b>Pedro Mart\u00ednez<\/b>, adem\u00e1s de ser un impulsor de la formaci\u00f3n de nuevos talentos.\u00a0<i>Proeza:<\/i>\u00a0Convertir la narraci\u00f3n deportiva en una expresi\u00f3n de identidad y cultura dominicana, consolidando un estilo y un repertorio de expresiones insertadas en el imaginario colectivo.<\/span><\/p>\n<p><b><span lang=\"ES-DO\">Frank Camilo<\/span><\/b><span lang=\"ES-DO\">: Periodista deportivo, locutor y productor de radio, televisi\u00f3n y medios digitales. Inici\u00f3 su carrera en 1986, pasando luego a Rahintel, donde ejerci\u00f3 como editor deportivo. Desde 2004 produce\u00a0<i>M\u00edster Deportes<\/i>, proyecto caracterizado por el enfoque investigativo y humano de sus historias. Su trayectoria destaca por su compromiso con la formaci\u00f3n y promoci\u00f3n de ni\u00f1os y j\u00f3venes a trav\u00e9s de la actividad f\u00edsica.\u00a0<i>Proeza:<\/i>\u00a0Construir una carrera de cuatro d\u00e9cadas en los medios de comunicaci\u00f3n y emplear el periodismo como un instrumento de desarrollo social y deportivo.<\/span><\/p>\n<p><b><span lang=\"ES-DO\">Christopher Melenciano<\/span><\/b><span lang=\"ES-DO\">: Velocista especializado en 200 y 400 metros con discapacidad auditiva. Su hito hist\u00f3rico ocurri\u00f3 en los Juegos Sordol\u00edmpicos de Caxias do Sul 2022 (Brasil), donde conquist\u00f3 la medalla de oro en 200 metros y la de plata en 400 metros, convirti\u00e9ndose en el primer dominicano con discapacidad auditiva en obtener medallas en dicha cita internacional. Posee registros destacados de 20.67 segundos en 200 metros y 45.96 en 400 metros. En los XXV Juegos Centroamericanos form\u00f3 parte del relevo mixto 4\u00d7400 metros junto a\u00a0<b>Marileidy Paulino<\/b>,\u00a0<b>Anabel Medina<\/b>\u00a0y\u00a0<b>Erick S\u00e1nchez<\/b>, ganando la medalla de oro. Fue reconocido con una medalla especial por el presidente de la Rep\u00fablica en la clausura de dichos juegos.\u00a0<i>Proeza:<\/i>\u00a0Trascender como pionero del deporte sordol\u00edmpico hasta competir y ganar el oro en el atletismo convencional de unos Juegos Centroamericanos y del Caribe.<\/span><\/p>\n<p><b><span lang=\"ES-DO\">Niverka Marte<\/span><\/b><span lang=\"ES-DO\">: Capitana y armadora de la selecci\u00f3n nacional de voleibol femenino, las\u00a0<i>Reinas del Caribe<\/i>. Se distingue por su preparaci\u00f3n acad\u00e9mica, contando con dos t\u00edtulos universitarios y el dominio de seis idiomas. Como estratega en la cancha, ha sido pieza clave en la distribuci\u00f3n del juego para mantener a la Rep\u00fablica Dominicana entre las potencias del voleibol mundial.\u00a0<i>Proeza:<\/i>\u00a0Representar la evoluci\u00f3n de la mujer dominicana en el deporte de alta competici\u00f3n, integrando excelencia atl\u00e9tica, liderazgo y solidez acad\u00e9mica.<\/span><\/p>\n<p><b><span lang=\"ES-DO\">Robert Pigozzi<\/span><\/b><span lang=\"ES-DO\">,\u00a0<b>Paolo Pigozzi<\/b>,\u00a0<b>Andrea Pigozzi<\/b>\u00a0y\u00a0<b>Francesca Pigozzi Perdomo<\/b>: Familia de atletas originarios de Boca Chica que conformaron una aut\u00e9ntica dinast\u00eda en el esqu\u00ed n\u00e1utico. Durante los Juegos Centroamericanos y del Caribe Santo Domingo 2026, los hermanos\u00a0<b>Paolo<\/b>\u00a0(oro en Overall masculino),\u00a0<b>Andrea<\/b>\u00a0(oro en salto masculino),\u00a0<b>Francesca<\/b>\u00a0(m\u00faltiples medallas de bronce) y\u00a0<b>Robert<\/b>\u00a0(destacado medallista e integrante de la selecci\u00f3n) conquistaron 10 de las 12 medallas obtenidas por el pa\u00eds en esta disciplina.\u00a0<i>Proeza:<\/i>\u00a0Convertir el lazo familiar en una de las haza\u00f1as m\u00e1s singulares del deporte internacional, al lograr que tres hermanos trillizos y su hermano mayor subieran al podio en el mismo evento continental.<\/span><\/p>\n<p><b><span lang=\"ES-DO\">Jorge Allen Bauger<\/span><\/b><span lang=\"ES-DO\">: Exponente de la segunda generaci\u00f3n de una familia consagrada al f\u00fatbol en la Rep\u00fablica Dominicana. Ha desempe\u00f1ado roles como director de Desarrollo de la Federaci\u00f3n Dominicana de F\u00fatbol, director de Selecciones Nacionales (2019) y director ejecutivo de la Liga Dominicana de F\u00fatbol (LDF) a partir de 2021. Continuando el legado de su padre,\u00a0<b>Jorge Rolando Bauger<\/b>, ha enfocado su carrera en la gesti\u00f3n institucional y la profesionalizaci\u00f3n de esta disciplina.\u00a0<i>Proeza:<\/i>\u00a0Dar continuidad y estructura institucional al desarrollo del f\u00fatbol dominicano desde la formaci\u00f3n base hasta el \u00e1mbito profesional.<\/span><\/p>\n<p><b><span lang=\"ES-DO\">Cosiris Rodr\u00edguez<\/span><\/b><span lang=\"ES-DO\">: Hist\u00f3rica rematadora de la selecci\u00f3n nacional de voleibol femenino, con 336 partidos internacionales disputados. Fue figura determinante en la medalla de oro obtenida en los Juegos Panamericanos Santo Domingo 2003, adem\u00e1s de lograr oros en la Copa Panamericana 2007 y los Juegos Centroamericanos Cartagena 2006, plata en Maracaibo 1998 y cuatro medallas de bronce en Campeonatos NORCECA, sumado a tres participaciones en Mundiales de la FIVB. En 2016 fue exaltada al Pabell\u00f3n de la Fama del Deporte Dominicano.\u00a0<i>Proeza:<\/i>\u00a0Consolidarse como un pilar fundamental del voleibol dominicano y referente de entrega en las conquistas internacionales del pa\u00eds.<\/span><\/p>\n<p><span lang=\"ES-DO\">La empresa sostiene que, con esta emotiva entrega, se sobrepasa la actitud de entregar placas a los homenajeados, sino que inmortaliza en el tiempo la gratitud de la naci\u00f3n.<\/span><\/p>\n<p><i><span lang=\"ES-DO\">\u201cCada uno de estos homenajes reafirma que el verdadero legado del deporte no reside \u00fanicamente en las medallas colgadas al cuello o los titulares de prensa, sino en la capacidad de inspirar a futuras generaciones a superar cualquier frontera. Al celebrar a estas trece figuras, la empresa rinde tributo al esfuerzo, la disciplina y el coraz\u00f3n de quienes han hecho latir con orgullo el nombre de la Rep\u00fablica Dominicana\u201d<\/span><\/i><span lang=\"ES-DO\">\u00a0sostuvo Juan Carlos G\u00f3mez, gerente general de Logomarca.<\/span><\/p>\n","protected":false},"excerpt":{"rendered":"<p>\u2022 Lorenzo G\u00f3mez Mar\u00edn sostuvo que reconocer a estas figuras, es un acto de justicia ante la necesidad de resaltar a las nuevas generaciones valores y ejemplos de vida. Por Servicio de Prensa SANTO DOMINGO, Rep\u00fablica Dominicana.-\u00a0La empresa Logomarca homenaje\u00f3 \u00a0a trece personalidades del deporte y la comunicaci\u00f3n deportiva en virtud de sus trayectorias, las [&hellip;]<\/p>\n","protected":false},"author":1,"featured_media":473157,"comment_status":"open","ping_status":"open","sticky":false,"template":"","format":"standard","meta":{"_bbp_topic_count":0,"_bbp_reply_count":0,"_bbp_total_topic_count":0,"_bbp_total_reply_count":0,"_bbp_voice_count":0,"_bbp_anonymous_reply_count":0,"_bbp_topic_count_hidden":0,"_bbp_reply_count_hidden":0,"_bbp_forum_subforum_count":0,"footnotes":""},"categories":[42],"tags":[],"class_list":["post-473156","post","type-post","status-publish","format-standard","has-post-thumbnail","category-deportes"],"_links":{"self":[{"href":"https:\/\/primermomento.com\/index.php?rest_route=\/wp\/v2\/posts\/473156","targetHints":{"allow":["GET"]}}],"collection":[{"href":"https:\/\/primermomento.com\/index.php?rest_route=\/wp\/v2\/posts"}],"about":[{"href":"https:\/\/primermomento.com\/index.php?rest_route=\/wp\/v2\/types\/post"}],"author":[{"embeddable":true,"href":"https:\/\/primermomento.com\/index.php?rest_route=\/wp\/v2\/users\/1"}],"replies":[{"embeddable":true,"href":"https:\/\/primermomento.com\/index.php?rest_route=%2Fwp%2Fv2%2Fcomments&post=473156"}],"version-history":[{"count":1,"href":"https:\/\/primermomento.com\/index.php?rest_route=\/wp\/v2\/posts\/473156\/revisions"}],"predecessor-version":[{"id":473158,"href":"https:\/\/primermomento.com\/index.php?rest_route=\/wp\/v2\/posts\/473156\/revisions\/473158"}],"wp:featuredmedia":[{"embeddable":true,"href":"https:\/\/primermomento.com\/index.php?rest_route=\/wp\/v2\/media\/473157"}],"wp:attachment":[{"href":"https:\/\/primermomento.com\/index.php?rest_route=%2Fwp%2Fv2%2Fmedia&parent=473156"}],"wp:term":[{"taxonomy":"category","embeddable":true,"href":"https:\/\/primermomento.com\/index.php?rest_route=%2Fwp%2Fv2%2Fcategories&post=473156"},{"taxonomy":"post_tag","embeddable":true,"href":"https:\/\/primermomento.com\/index.php?rest_route=%2Fwp%2Fv2%2Ftags&post=473156"}],"curies":[{"name":"wp","href":"https:\/\/api.w.org\/{rel}","templated":true}]}}