{"id":473159,"date":"2026-09-04T06:54:16","date_gmt":"2026-09-04T10:54:16","guid":{"rendered":"https:\/\/primermomento.com\/?p=473159"},"modified":"2026-09-04T06:54:16","modified_gmt":"2026-09-04T10:54:16","slug":"se-extiende-sequia-extrema-que-golpea-a-puerto-rico","status":"publish","type":"post","link":"https:\/\/primermomento.com\/?p=473159","title":{"rendered":"Se extiende sequ\u00eda extrema que golpea a Puerto Rico"},"content":{"rendered":"<p><strong><em>Por <span style=\"color: #ff0000;\">Prensa Latina<\/span><\/em><\/strong><\/p>\n<p>San Juan, PUERTO RICO.- El 41 por ciento de Puerto Rico se encuentra bajo sequ\u00eda extrema, principalmente a trav\u00e9s de una franja que cubre gran parte del sur y otra extensa zona del oriente de la isla.<\/p>\n<div class=\"elementor-element elementor-element-0aea3a0 elementor-widget elementor-widget-theme-post-content\" data-id=\"0aea3a0\" data-element_type=\"widget\" data-e-type=\"widget\" data-widget_type=\"theme-post-content.default\">\n<div class=\"elementor-widget-container\">\n<p>La sequ\u00eda extrema se extendi\u00f3 en el transcurso de esta semana por amplios sectores del litoral sur y el oriente de Puerto Rico, mientras el 75,2 por ciento del territorio nacional se encuentra bajo alg\u00fan nivel de sequ\u00eda, seg\u00fan la actualizaci\u00f3n divulgada este jueves por el Monitor de Sequ\u00eda de Estados Unidos.<\/p>\n<p>Los datos muestran que el 41 por ciento de Puerto Rico se encuentra bajo sequ\u00eda extrema, categor\u00eda D3, que aparece principalmente a trav\u00e9s de una franja que cubre buena parte del sur y otra extensa zona del este.<\/p>\n<p>La sequ\u00eda severa, identificada como D2, afecta otro 21,3 por ciento del territorio, mientras el 13 por ciento se encuentra bajo sequ\u00eda moderada, categor\u00eda D1.<\/p>\n<p>En conjunto, las tres categor\u00edas de sequ\u00eda cubren el 75,2% de Puerto Rico. Otro 7.7% aparece clasificado como anormalmente seco, categor\u00eda D0, que no se contabiliza como sequ\u00eda.<\/p>\n<p>El mapa muestra que las condiciones m\u00e1s cr\u00edticas se concentran en sectores del sur, desde el suroeste hacia el centro-sur, as\u00ed como en una amplia porci\u00f3n del este de Puerto Rico, donde tambi\u00e9n figura Vieques bajo sequ\u00eda extrema.<\/p>\n<\/div>\n<\/div>\n<div class=\"elementor-element elementor-element-4f75016 elementor-widget elementor-widget-post-info\" data-id=\"4f75016\" data-element_type=\"widget\" data-e-type=\"widget\" data-widget_type=\"post-info.default\">\n<div class=\"elementor-widget-container\">\n<ul class=\"elementor-inline-items elementor-icon-list-items elementor-post-info\">\n<li class=\"elementor-icon-list-item elementor-repeater-item-17dda3e elementor-inline-item\"><em><span class=\"elementor-icon-list-text elementor-post-info__item elementor-post-info__item--type-custom\">#<a href=\"https:\/\/primermomento.com\/?p=473159\" rel=\"tag\">puertorico<\/a>\u00a0#<a href=\"https:\/\/primermomento.com\/?p=473159\" rel=\"tag\">sequ\u00eda<\/a><\/span><\/em><\/li>\n<\/ul>\n<\/div>\n<\/div>\n","protected":false},"excerpt":{"rendered":"<p>Por Prensa Latina San Juan, PUERTO RICO.- El 41 por ciento de Puerto Rico se encuentra bajo sequ\u00eda extrema, principalmente a trav\u00e9s de una franja que cubre gran parte del sur y otra extensa zona del oriente de la isla. La sequ\u00eda extrema se extendi\u00f3 en el transcurso de esta semana por amplios sectores del [&hellip;]<\/p>\n","protected":false},"author":1,"featured_media":473160,"comment_status":"open","ping_status":"open","sticky":false,"template":"","format":"standard","meta":{"_bbp_topic_count":0,"_bbp_reply_count":0,"_bbp_total_topic_count":0,"_bbp_total_reply_count":0,"_bbp_voice_count":0,"_bbp_anonymous_reply_count":0,"_bbp_topic_count_hidden":0,"_bbp_reply_count_hidden":0,"_bbp_forum_subforum_count":0,"footnotes":""},"categories":[30],"tags":[],"class_list":["post-473159","post","type-post","status-publish","format-standard","has-post-thumbnail","category-actualidad"],"_links":{"self":[{"href":"https:\/\/primermomento.com\/index.php?rest_route=\/wp\/v2\/posts\/473159","targetHints":{"allow":["GET"]}}],"collection":[{"href":"https:\/\/primermomento.com\/index.php?rest_route=\/wp\/v2\/posts"}],"about":[{"href":"https:\/\/primermomento.com\/index.php?rest_route=\/wp\/v2\/types\/post"}],"author":[{"embeddable":true,"href":"https:\/\/primermomento.com\/index.php?rest_route=\/wp\/v2\/users\/1"}],"replies":[{"embeddable":true,"href":"https:\/\/primermomento.com\/index.php?rest_route=%2Fwp%2Fv2%2Fcomments&post=473159"}],"version-history":[{"count":1,"href":"https:\/\/primermomento.com\/index.php?rest_route=\/wp\/v2\/posts\/473159\/revisions"}],"predecessor-version":[{"id":473161,"href":"https:\/\/primermomento.com\/index.php?rest_route=\/wp\/v2\/posts\/473159\/revisions\/473161"}],"wp:featuredmedia":[{"embeddable":true,"href":"https:\/\/primermomento.com\/index.php?rest_route=\/wp\/v2\/media\/473160"}],"wp:attachment":[{"href":"https:\/\/primermomento.com\/index.php?rest_route=%2Fwp%2Fv2%2Fmedia&parent=473159"}],"wp:term":[{"taxonomy":"category","embeddable":true,"href":"https:\/\/primermomento.com\/index.php?rest_route=%2Fwp%2Fv2%2Fcategories&post=473159"},{"taxonomy":"post_tag","embeddable":true,"href":"https:\/\/primermomento.com\/index.php?rest_route=%2Fwp%2Fv2%2Ftags&post=473159"}],"curies":[{"name":"wp","href":"https:\/\/api.w.org\/{rel}","templated":true}]}}