{"id":473162,"date":"2026-09-04T07:05:01","date_gmt":"2026-09-04T11:05:01","guid":{"rendered":"https:\/\/primermomento.com\/?p=473162"},"modified":"2026-09-04T07:36:07","modified_gmt":"2026-09-04T11:36:07","slug":"intrant-y-fenatrano-ponderan-alternativas-para-mejorar-transito-y-movilidad-con-apego-a-la-ley","status":"publish","type":"post","link":"https:\/\/primermomento.com\/?p=473162","title":{"rendered":"Intrant y Fenatrano ponderan alternativas para mejorar tr\u00e1nsito y movilidad con apego a la ley"},"content":{"rendered":"<div style=\"width: 696px;\" class=\"wp-video\"><video class=\"wp-video-shortcode\" id=\"video-473162-1\" width=\"696\" height=\"392\" preload=\"metadata\" controls=\"controls\"><source type=\"video\/mp4\" src=\"https:\/\/primermomento.com\/wp-content\/uploads\/2026\/09\/PRENSA-INTRANT-HUBIERE.mp4?_=1\" \/><a href=\"https:\/\/primermomento.com\/wp-content\/uploads\/2026\/09\/PRENSA-INTRANT-HUBIERE.mp4\">https:\/\/primermomento.com\/wp-content\/uploads\/2026\/09\/PRENSA-INTRANT-HUBIERE.mp4<\/a><\/video><\/div>\n<p><strong><em>Por<span style=\"color: #ff0000;\"> Servicios de Primermomento.com<\/span><\/em><\/strong><\/p>\n<p style=\"font-weight: 400;\">SANTO DOMINGO, Rep\u00fablica Dominicana.- El director ejecutivo del Instituto Nacional de Tr\u00e1nsito y Transporte Terrestre (Intrant), Juan Manuel M\u00e9ndez, y el presidente de la Federaci\u00f3n Nacional de Transporte la Nueva Opci\u00f3n (Fenatrano), Juan Hubieres, valoraron realizar acciones conjuntas que permitan el fiel cumplimiento de la ley a los fines de garantizar un servicio p\u00fablico de transporte de pasajeros confiable, \u00e1gil y seguro.<\/p>\n<p style=\"font-weight: 400;\">M\u00e9ndez y Hubieres intercambiaron impresiones sobre las alternativas que permitan mejorar la movilidad del tr\u00e1nsito, en estricto apego a las normas establecidas.\u00a0El empresario del transporte expres\u00f3 los desaf\u00edos que enfrenta el sector y ponder\u00f3, junto a M\u00e9ndez, acciones conjuntas que contribuyan a mejorar estos servicios de movilidad a nivel nacional.<\/p>\n<p style=\"font-weight: 400;\"><img loading=\"lazy\" decoding=\"async\" class=\"size-medium wp-image-473163 alignright\" src=\"https:\/\/primermomento.com\/wp-content\/uploads\/2026\/09\/Foto-1-INTRANT-300x200.jpeg\" alt=\"\" width=\"300\" height=\"200\" srcset=\"https:\/\/primermomento.com\/wp-content\/uploads\/2026\/09\/Foto-1-INTRANT-300x200.jpeg 300w, https:\/\/primermomento.com\/wp-content\/uploads\/2026\/09\/Foto-1-INTRANT-1024x682.jpeg 1024w, https:\/\/primermomento.com\/wp-content\/uploads\/2026\/09\/Foto-1-INTRANT-768x512.jpeg 768w, https:\/\/primermomento.com\/wp-content\/uploads\/2026\/09\/Foto-1-INTRANT-1536x1023.jpeg 1536w, https:\/\/primermomento.com\/wp-content\/uploads\/2026\/09\/Foto-1-INTRANT-696x464.jpeg 696w, https:\/\/primermomento.com\/wp-content\/uploads\/2026\/09\/Foto-1-INTRANT-1068x712.jpeg 1068w, https:\/\/primermomento.com\/wp-content\/uploads\/2026\/09\/Foto-1-INTRANT.jpeg 1600w\" sizes=\"auto, (max-width: 300px) 100vw, 300px\" \/>El encuentro fue definido como muy cordial y fruct\u00edfero, en el que el presidente de Fenatrano manifest\u00f3 su respaldo y disposici\u00f3n de colaborar con el director del Intrant.<\/p>\n<p style=\"font-weight: 400;\">M\u00e9ndez valor\u00f3 su colaboraci\u00f3n y dijo que estos encuentros se realizar\u00e1n continuamente con los prestadores privados de servicios de transporte, debido a que la sociedad reclama del entendimiento y comprensi\u00f3n de todos los actores que intervienen en el tr\u00e1nsito y la movilidad.<\/p>\n<p style=\"font-weight: 400;\">La misi\u00f3n del director del Intrant es clara en gestionar el desarrollo de los servicios de transporte de cara al usuario, orientados a la calidad, puntualidad, disponibilidad, seguridad vial, condiciones de las unidades y tarifa oficial de sus servicios, entre otros aspectos.<\/p>\n<p style=\"font-weight: 400;\">Adem\u00e1s de Hubieres, M\u00e9ndez se ha reunido con Antonio Marte, presidente de la Confederaci\u00f3n Nacional de Organizaciones del Transporte (CONATRA); Juan Marte, presidente de la Central Nacional de Trabajadores del Transporte (CNTT); Gervacio de la Rosa Paulino, presidente de la Federaci\u00f3n de Trabajadores del Transporte de la Regi\u00f3n Norte (FETRANRENO).<\/p>\n<p style=\"font-weight: 400;\">Estos empresarios del transporte favorecieron la designaci\u00f3n de M\u00e9ndez en el Intrant y est\u00e1n confiados en que har\u00e1 cumplir la Ley de Tr\u00e1nsito.<\/p>\n<p style=\"font-weight: 400;\">M\u00e9ndez reiter\u00f3 que: \u201cEstoy disponible las 24 horas, los siete d\u00edas de la semana y sin agenda para recibir a empresarios del transporte, gremios y colaboradores en todo lo relacionado con la movilidad terrestre. En todo lo que podamos coordinar y aportar, siempre estar\u00e9 disponible para ellos; solo tienen que llamarme al\u00a0<a href=\"tel:(809)%20773-4447\">809-773-4447<\/a>\u201d, afirm\u00f3 M\u00e9ndez.<\/p>\n","protected":false},"excerpt":{"rendered":"<p>Por Servicios de Primermomento.com SANTO DOMINGO, Rep\u00fablica Dominicana.- El director ejecutivo del Instituto Nacional de Tr\u00e1nsito y Transporte Terrestre (Intrant), Juan Manuel M\u00e9ndez, y el presidente de la Federaci\u00f3n Nacional de Transporte la Nueva Opci\u00f3n (Fenatrano), Juan Hubieres, valoraron realizar acciones conjuntas que permitan el fiel cumplimiento de la ley a los fines de garantizar [&hellip;]<\/p>\n","protected":false},"author":1,"featured_media":473163,"comment_status":"open","ping_status":"open","sticky":false,"template":"","format":"video","meta":{"_bbp_topic_count":0,"_bbp_reply_count":0,"_bbp_total_topic_count":0,"_bbp_total_reply_count":0,"_bbp_voice_count":0,"_bbp_anonymous_reply_count":0,"_bbp_topic_count_hidden":0,"_bbp_reply_count_hidden":0,"_bbp_forum_subforum_count":0,"footnotes":""},"categories":[30,106],"tags":[],"class_list":["post-473162","post","type-post","status-publish","format-video","has-post-thumbnail","category-actualidad","category-video-news","post_format-post-format-video"],"_links":{"self":[{"href":"https:\/\/primermomento.com\/index.php?rest_route=\/wp\/v2\/posts\/473162","targetHints":{"allow":["GET"]}}],"collection":[{"href":"https:\/\/primermomento.com\/index.php?rest_route=\/wp\/v2\/posts"}],"about":[{"href":"https:\/\/primermomento.com\/index.php?rest_route=\/wp\/v2\/types\/post"}],"author":[{"embeddable":true,"href":"https:\/\/primermomento.com\/index.php?rest_route=\/wp\/v2\/users\/1"}],"replies":[{"embeddable":true,"href":"https:\/\/primermomento.com\/index.php?rest_route=%2Fwp%2Fv2%2Fcomments&post=473162"}],"version-history":[{"count":2,"href":"https:\/\/primermomento.com\/index.php?rest_route=\/wp\/v2\/posts\/473162\/revisions"}],"predecessor-version":[{"id":473184,"href":"https:\/\/primermomento.com\/index.php?rest_route=\/wp\/v2\/posts\/473162\/revisions\/473184"}],"wp:featuredmedia":[{"embeddable":true,"href":"https:\/\/primermomento.com\/index.php?rest_route=\/wp\/v2\/media\/473163"}],"wp:attachment":[{"href":"https:\/\/primermomento.com\/index.php?rest_route=%2Fwp%2Fv2%2Fmedia&parent=473162"}],"wp:term":[{"taxonomy":"category","embeddable":true,"href":"https:\/\/primermomento.com\/index.php?rest_route=%2Fwp%2Fv2%2Fcategories&post=473162"},{"taxonomy":"post_tag","embeddable":true,"href":"https:\/\/primermomento.com\/index.php?rest_route=%2Fwp%2Fv2%2Ftags&post=473162"}],"curies":[{"name":"wp","href":"https:\/\/api.w.org\/{rel}","templated":true}]}}