{"id":473190,"date":"2026-09-04T12:05:19","date_gmt":"2026-09-04T16:05:19","guid":{"rendered":"https:\/\/primermomento.com\/?p=473190"},"modified":"2026-09-04T15:22:59","modified_gmt":"2026-09-04T19:22:59","slug":"exministra-dominicana-duda-eficacia-epidemiologica-ante-muertes","status":"publish","type":"post","link":"https:\/\/primermomento.com\/?p=473190","title":{"rendered":"Exministra dominicana duda eficacia epidemiol\u00f3gica ante muertes"},"content":{"rendered":"<p><strong><em>Por<span style=\"color: #ff0000;\"> Prensa Latina<\/span><\/em><\/strong><\/p>\n<p>SANTO DOMINGO, Rep\u00fablica Dominicana.- La exministra de Salud P\u00fablica de Rep\u00fablica Dominicana Altagracia Guzm\u00e1n cuestion\u00f3 hoy la vigilancia epidemiol\u00f3gica ante el incremento de las muertes maternas y neonatales, situaci\u00f3n que calific\u00f3 de grave.<\/p>\n<div class=\"elementor-element elementor-element-0aea3a0 elementor-widget elementor-widget-theme-post-content\" data-id=\"0aea3a0\" data-element_type=\"widget\" data-e-type=\"widget\" data-widget_type=\"theme-post-content.default\">\n<div class=\"elementor-widget-container\">\n<p>Guzm\u00e1n, miembro del Comit\u00e9 Central del opositor Partido de la Liberaci\u00f3n Dominicana (PLD), expres\u00f3 sus consideraciones en una entrevista en el programa Despierta con CDN, seg\u00fan inform\u00f3 el medio digital Vanguardia del Pueblo, \u00f3rgano de esa organizaci\u00f3n pol\u00edtica.<\/p>\n<p>La exfuncionaria manifest\u00f3 escepticismo sobre la efectividad de los actuales procedimientos de seguimiento y se\u00f1al\u00f3 que existen dudas entre especialistas respecto a la periodicidad y la transparencia de los reportes oficiales sobre esos fallecimientos.<\/p>\n<p>Record\u00f3 que estos decesos son de notificaci\u00f3n obligatoria en el sistema epidemiol\u00f3gico nacional desde 1997 y sostuvo que la p\u00e9rdida de vidas por causas evitables constituye una falla en la atenci\u00f3n sanitaria.<\/p>\n<p>Entre los factores que, seg\u00fan explic\u00f3, inciden en la mortalidad neonatal, mencion\u00f3 deficiencias en las normas de higiene y desinfecci\u00f3n de \u00e1reas, as\u00ed como la manipulaci\u00f3n inadecuada de instrumental y equipos utilizados en el cuidado de reci\u00e9n nacidos, lo que puede favorecer la proliferaci\u00f3n de bacterias.<\/p>\n<p>Tambi\u00e9n cuestion\u00f3 el elevado n\u00famero de ces\u00e1reas en el pa\u00eds, que situ\u00f3 cerca del 90 por ciento en el sector privado y por encima del 50 por ciento en el p\u00fablico.<\/p>\n<p>Afirm\u00f3 que esta pr\u00e1ctica puede elevar las complicaciones respiratorias de los reci\u00e9n nacidos frente al parto vaginal.<\/p>\n<p>A ello se sumaron dificultades en el primer nivel de atenci\u00f3n, entre ellas debilidades en el monitoreo prenatal de las gestantes, el control de la hipertensi\u00f3n arterial y la prevenci\u00f3n de nacimientos prematuros o de bajo peso al nacer.<\/p>\n<p>Guzm\u00e1n se\u00f1al\u00f3 adem\u00e1s que el temor a la deportaci\u00f3n de gestantes haitianas y la falta de apoyo familiar pueden alejar a mujeres extranjeras de los centros hospitalarios, con el consiguiente riesgo de alumbramientos sin asistencia m\u00e9dica y en condiciones desfavorables.<\/p>\n<p>Ante este panorama, plante\u00f3 que la investigaci\u00f3n y fiscalizaci\u00f3n de las muertes maternas y neonatales deben corresponder al Ministerio de Salud P\u00fablica, como entidad rectora y fiscalizadora del sistema, y no a los organismos responsables de operar la red p\u00fablica, para evitar conflictos derivados de que una misma instituci\u00f3n eval\u00fae su propia actuaci\u00f3n.<\/p>\n<\/div>\n<\/div>\n<div class=\"elementor-element elementor-element-4f75016 elementor-widget elementor-widget-post-info\" data-id=\"4f75016\" data-element_type=\"widget\" data-e-type=\"widget\" data-widget_type=\"post-info.default\">\n<div class=\"elementor-widget-container\">\n<ul class=\"elementor-inline-items elementor-icon-list-items elementor-post-info\">\n<li class=\"elementor-icon-list-item elementor-repeater-item-17dda3e elementor-inline-item\"><em><span class=\"elementor-icon-list-text elementor-post-info__item elementor-post-info__item--type-custom\">#<a href=\"https:\/\/primermomento.com\/?p=473190\" rel=\"tag\">pld<\/a>\u00a0#<a href=\"https:\/\/primermomento.com\/?p=473190\" rel=\"tag\">seguimiento epidemiol\u00f3gico<\/a><\/span><\/em><\/li>\n<\/ul>\n<\/div>\n<\/div>\n","protected":false},"excerpt":{"rendered":"<p>Por Prensa Latina SANTO DOMINGO, Rep\u00fablica Dominicana.- La exministra de Salud P\u00fablica de Rep\u00fablica Dominicana Altagracia Guzm\u00e1n cuestion\u00f3 hoy la vigilancia epidemiol\u00f3gica ante el incremento de las muertes maternas y neonatales, situaci\u00f3n que calific\u00f3 de grave. Guzm\u00e1n, miembro del Comit\u00e9 Central del opositor Partido de la Liberaci\u00f3n Dominicana (PLD), expres\u00f3 sus consideraciones en una entrevista [&hellip;]<\/p>\n","protected":false},"author":1,"featured_media":473191,"comment_status":"open","ping_status":"open","sticky":false,"template":"","format":"standard","meta":{"_bbp_topic_count":0,"_bbp_reply_count":0,"_bbp_total_topic_count":0,"_bbp_total_reply_count":0,"_bbp_voice_count":0,"_bbp_anonymous_reply_count":0,"_bbp_topic_count_hidden":0,"_bbp_reply_count_hidden":0,"_bbp_forum_subforum_count":0,"footnotes":""},"categories":[31],"tags":[],"class_list":["post-473190","post","type-post","status-publish","format-standard","has-post-thumbnail","category-estados-unidos"],"_links":{"self":[{"href":"https:\/\/primermomento.com\/index.php?rest_route=\/wp\/v2\/posts\/473190","targetHints":{"allow":["GET"]}}],"collection":[{"href":"https:\/\/primermomento.com\/index.php?rest_route=\/wp\/v2\/posts"}],"about":[{"href":"https:\/\/primermomento.com\/index.php?rest_route=\/wp\/v2\/types\/post"}],"author":[{"embeddable":true,"href":"https:\/\/primermomento.com\/index.php?rest_route=\/wp\/v2\/users\/1"}],"replies":[{"embeddable":true,"href":"https:\/\/primermomento.com\/index.php?rest_route=%2Fwp%2Fv2%2Fcomments&post=473190"}],"version-history":[{"count":1,"href":"https:\/\/primermomento.com\/index.php?rest_route=\/wp\/v2\/posts\/473190\/revisions"}],"predecessor-version":[{"id":473192,"href":"https:\/\/primermomento.com\/index.php?rest_route=\/wp\/v2\/posts\/473190\/revisions\/473192"}],"wp:featuredmedia":[{"embeddable":true,"href":"https:\/\/primermomento.com\/index.php?rest_route=\/wp\/v2\/media\/473191"}],"wp:attachment":[{"href":"https:\/\/primermomento.com\/index.php?rest_route=%2Fwp%2Fv2%2Fmedia&parent=473190"}],"wp:term":[{"taxonomy":"category","embeddable":true,"href":"https:\/\/primermomento.com\/index.php?rest_route=%2Fwp%2Fv2%2Fcategories&post=473190"},{"taxonomy":"post_tag","embeddable":true,"href":"https:\/\/primermomento.com\/index.php?rest_route=%2Fwp%2Fv2%2Ftags&post=473190"}],"curies":[{"name":"wp","href":"https:\/\/api.w.org\/{rel}","templated":true}]}}