{"id":473193,"date":"2026-09-04T12:11:36","date_gmt":"2026-09-04T16:11:36","guid":{"rendered":"https:\/\/primermomento.com\/?p=473193"},"modified":"2026-09-04T16:13:08","modified_gmt":"2026-09-04T20:13:08","slug":"onu-alerta-sobre-efectos-graves-de-fenomeno-el-nino","status":"publish","type":"post","link":"https:\/\/primermomento.com\/?p=473193","title":{"rendered":"ONU alerta sobre efectos graves de fen\u00f3meno El Ni\u00f1o"},"content":{"rendered":"<p><strong><em>Por <span style=\"color: #ff0000;\">Prensa Latina<\/span><\/em><\/strong><\/p>\n<p>Naciones Unidas, NACIONES UNIDAS.- El fortalecimiento del fen\u00f3meno climatol\u00f3gico El Ni\u00f1o podr\u00eda empujar al menos a 49 millones de personas m\u00e1s hacia el hambre para finales de 2027, advirti\u00f3 hoy la Organizaci\u00f3n de las Naciones Unidas.<\/p>\n<div class=\"elementor-element elementor-element-0aea3a0 elementor-widget elementor-widget-theme-post-content\" data-id=\"0aea3a0\" data-element_type=\"widget\" data-e-type=\"widget\" data-widget_type=\"theme-post-content.default\">\n<div class=\"elementor-widget-container\">\n<p>A trav\u00e9s de su p\u00e1gina web oficial, la ONU alert\u00f3 sobre un deterioro importante en 45 pa\u00edses que ya atraviesan situaciones de vulnerabilidad.<\/p>\n<p>Seg\u00fan un an\u00e1lisis del Programa Mundial de Alimentos (PMA), el fen\u00f3meno alcanzar\u00eda su punto m\u00e1ximo entre septiembre y diciembre de este a\u00f1o, pero sus efectos podr\u00edan extenderse durante gran parte de 2027 debido al impacto sobre los ciclos agr\u00edcolas.<\/p>\n<p>Sequ\u00edas, inundaciones y temperaturas extremas ya est\u00e1n afectando a algunas comunidades, mientras otras podr\u00edan enfrentar condiciones m\u00e1s adversas durante las pr\u00f3ximas temporadas de siembra y recolecci\u00f3n, se\u00f1al\u00f3 ese organismo.<\/p>\n<p>La cantidad de personas que enfrentan inseguridad alimentaria aguda podr\u00eda pasar de unos 225 millones a 274 millones, un aumento aproximado del 22 por ciento, indic\u00f3 dicho ente y expres\u00f3 su preocupaci\u00f3n por quienes viven en situaci\u00f3n de pobreza, conflictos o fragilidad econ\u00f3mica.<\/p>\n<p>Am\u00e9rica Latina y el Caribe figura entre las regiones con mayores riesgos. M\u00e1s de 16 millones de personas podr\u00edan ver deteriorada su seguridad alimentaria, y Centroam\u00e9rica registrar\u00eda el mayor aumento proporcional entre todas las zonas analizadas: 83,1 por ciento, apunt\u00f3.<\/p>\n<p>\u00c1frica tambi\u00e9n afronta peligros importantes, especialmente en los pa\u00edses donde las pr\u00f3ximas temporadas de lluvias son determinantes para la producci\u00f3n, a\u00f1adi\u00f3.<\/p>\n<p>En ese contexto, el PMA asegur\u00f3 que se toman las medidas necesarias para la preparaci\u00f3n y acciones de respuesta en m\u00e1s de 50 pa\u00edses.<\/p>\n<p>La experiencia de episodios anteriores muestra que anticiparse tambi\u00e9n puede reducir considerablemente los costos. El Ni\u00f1o no afectar\u00e1 a todos de la misma manera. Algunas zonas ya registran lluvias por debajo del promedio, inundaciones o temperaturas inusualmente altas, mientras que otras podr\u00edan experimentar el mayor impacto durante pr\u00f3ximas temporadas, se\u00f1al\u00f3.<\/p>\n<p>Los pa\u00edses que ya enfrentan pobreza, conflictos, inestabilidad econ\u00f3mica y fen\u00f3menos meteorol\u00f3gicos extremos repetidos son los que probablemente sufrir\u00e1n las consecuencias m\u00e1s graves. All\u00ed, una p\u00e9rdida de cosechas o una subida de los precios puede empujar r\u00e1pidamente a familias que apenas logran cubrir sus necesidades b\u00e1sicas hacia niveles cr\u00edticos de hambre, agreg\u00f3.<\/p>\n<p>El Ni\u00f1o es un evento de origen clim\u00e1tico relacionado con el calentamiento del oc\u00e9ano Pac\u00edfico que provoca, en dependencia de la regi\u00f3n, fuertes lluvias, sequ\u00edas y el aumento de manera temporal la temperatura media del planeta, lo cual afecta gravemente a la agricultura y a la pesca.<\/p>\n<\/div>\n<\/div>\n<div class=\"elementor-element elementor-element-4f75016 elementor-widget elementor-widget-post-info\" data-id=\"4f75016\" data-element_type=\"widget\" data-e-type=\"widget\" data-widget_type=\"post-info.default\">\n<div class=\"elementor-widget-container\">\n<ul class=\"elementor-inline-items elementor-icon-list-items elementor-post-info\">\n<li class=\"elementor-icon-list-item elementor-repeater-item-17dda3e elementor-inline-item\"><em><span class=\"elementor-icon-list-text elementor-post-info__item elementor-post-info__item--type-custom\">#<a href=\"https:\/\/primermomento.com\/?p=473193\" rel=\"tag\">clima<\/a>\u00a0#<a href=\"https:\/\/primermomento.com\/?p=473193\" rel=\"tag\">ONU<\/a><\/span><\/em><\/li>\n<\/ul>\n<\/div>\n<\/div>\n","protected":false},"excerpt":{"rendered":"<p>Por Prensa Latina Naciones Unidas, NACIONES UNIDAS.- El fortalecimiento del fen\u00f3meno climatol\u00f3gico El Ni\u00f1o podr\u00eda empujar al menos a 49 millones de personas m\u00e1s hacia el hambre para finales de 2027, advirti\u00f3 hoy la Organizaci\u00f3n de las Naciones Unidas. A trav\u00e9s de su p\u00e1gina web oficial, la ONU alert\u00f3 sobre un deterioro importante en 45 [&hellip;]<\/p>\n","protected":false},"author":1,"featured_media":387850,"comment_status":"open","ping_status":"open","sticky":false,"template":"","format":"standard","meta":{"_bbp_topic_count":0,"_bbp_reply_count":0,"_bbp_total_topic_count":0,"_bbp_total_reply_count":0,"_bbp_voice_count":0,"_bbp_anonymous_reply_count":0,"_bbp_topic_count_hidden":0,"_bbp_reply_count_hidden":0,"_bbp_forum_subforum_count":0,"footnotes":""},"categories":[37],"tags":[],"class_list":["post-473193","post","type-post","status-publish","format-standard","has-post-thumbnail","category-ciencia-tecnologia"],"_links":{"self":[{"href":"https:\/\/primermomento.com\/index.php?rest_route=\/wp\/v2\/posts\/473193","targetHints":{"allow":["GET"]}}],"collection":[{"href":"https:\/\/primermomento.com\/index.php?rest_route=\/wp\/v2\/posts"}],"about":[{"href":"https:\/\/primermomento.com\/index.php?rest_route=\/wp\/v2\/types\/post"}],"author":[{"embeddable":true,"href":"https:\/\/primermomento.com\/index.php?rest_route=\/wp\/v2\/users\/1"}],"replies":[{"embeddable":true,"href":"https:\/\/primermomento.com\/index.php?rest_route=%2Fwp%2Fv2%2Fcomments&post=473193"}],"version-history":[{"count":1,"href":"https:\/\/primermomento.com\/index.php?rest_route=\/wp\/v2\/posts\/473193\/revisions"}],"predecessor-version":[{"id":473194,"href":"https:\/\/primermomento.com\/index.php?rest_route=\/wp\/v2\/posts\/473193\/revisions\/473194"}],"wp:featuredmedia":[{"embeddable":true,"href":"https:\/\/primermomento.com\/index.php?rest_route=\/wp\/v2\/media\/387850"}],"wp:attachment":[{"href":"https:\/\/primermomento.com\/index.php?rest_route=%2Fwp%2Fv2%2Fmedia&parent=473193"}],"wp:term":[{"taxonomy":"category","embeddable":true,"href":"https:\/\/primermomento.com\/index.php?rest_route=%2Fwp%2Fv2%2Fcategories&post=473193"},{"taxonomy":"post_tag","embeddable":true,"href":"https:\/\/primermomento.com\/index.php?rest_route=%2Fwp%2Fv2%2Ftags&post=473193"}],"curies":[{"name":"wp","href":"https:\/\/api.w.org\/{rel}","templated":true}]}}