{"id":473203,"date":"2026-09-04T06:53:45","date_gmt":"2026-09-04T10:53:45","guid":{"rendered":"https:\/\/primermomento.com\/?p=473203"},"modified":"2026-09-04T12:50:59","modified_gmt":"2026-09-04T16:50:59","slug":"testigo-del-tiempo-escenario-posible-de-2028","status":"publish","type":"post","link":"https:\/\/primermomento.com\/?p=473203","title":{"rendered":"Testigo del tiempo | Escenario posible de 2028"},"content":{"rendered":"<p><strong><em>Por <span style=\"color: #ff0000;\">J.C. Malone<\/span><\/em><\/strong><\/p>\n<p>Faltando 20 meses para las elecciones de mayo de 2028, es buen momento para proyectar posibles escenarios pol\u00edticos, considerando los actores conocidos y los que surgir\u00e1n. Con base en el reporte de cada partido a la Junta Central Electoral, tenemos los \u201cn\u00fameros oficiales\u201d.<\/p>\n<p>El Partido de la Liberaci\u00f3n Dominicana (PLD) tiene 2.1 millones de miembros; La Fuerza del Pueblo (FP), 2.0 millones, y el gobernante Partido Revolucionario Moderno (PRM), 1.5 millones. Seg\u00fan esa falacia, tienen 5.6 millones de inscritos, pero en las \u00faltimas elecciones solo votaron 4.4 millones; 1.2 millones no votaron por sus partidos, muy extra\u00f1o.<\/p>\n<figure id=\"attachment_442110\" aria-describedby=\"caption-attachment-442110\" style=\"width: 196px\" class=\"wp-caption alignleft\"><img loading=\"lazy\" decoding=\"async\" class=\"size-full wp-image-442110\" src=\"https:\/\/primermomento.com\/wp-content\/uploads\/2025\/05\/J.C.-Malone_Testigo-del-Tiempo.jpg\" alt=\"\" width=\"196\" height=\"244\" \/><figcaption id=\"caption-attachment-442110\" class=\"wp-caption-text\">J.C. Malone<br \/>Analista pol\u00edtico<\/figcaption><\/figure>\n<p>En 2028, los votantes se dividir\u00e1n entre esos tres partidos.<\/p>\n<p>El PRM tiene menos militantes inscritos y la tasa m\u00e1s alta de rechazo, por el desgaste del poder. Las elecciones las ganar\u00e1 el PLD o la FP. Si votan 100 mil personas m\u00e1s que en 2024 y todos los del PRM votan por su partido, quedar\u00e1n 3.0 millones, divididos entre el PLD y el PRM.<\/p>\n<p>\u00bfQu\u00e9 puede pasar?<\/p>\n<p>Santiago Mat\u00edas (Alofoke) le quitar\u00e1 votos a la FP. Si el PLD logra que sus militantes voten por su partido, sin duda, ellos ganar\u00e1n las elecciones.<\/p>\n<p>La embajadora Leah Campos tiene acercamientos con Gonzalo Castillo, el excandidato presidencial pelede\u00edsta, y con Alofoke; a Washington le interesar\u00eda controlar la principal estructura pol\u00edtica nacional: el PLD. Alofoke servir\u00eda para reducir las votaciones de la FP.<\/p>\n<p>El pelede\u00edsta que gane las elecciones, tendr\u00e1 que escoger entre su lealtad al expresidente Danilo Medina y la embajada, sabemos que ocurrir\u00e1 ah\u00ed.<\/p>\n<p>El presidente Luis Abinader y su partido perdieron el favor de Washington por su \u201cambig\u00fcedad estrat\u00e9gica\u00bb, por \u201cestar bien\u201d con Washington y los globalistas de Davos. Al expresidente Leonel Fern\u00e1ndez, la embajadora le pregunt\u00f3 por qu\u00e9 quer\u00eda volver, despu\u00e9s de haber gobernado por 12 a\u00f1os. Sus razones fueron personales: \u201climpiar su imagen, enmendar errores cometidos\u00bb. Su proyecto es absolutamente personalista: autodescartado.<\/p>\n<p>En pol\u00edtica, 20 meses son m\u00e1s que 20 vidas eternas; todo puede cambiar, cambiar\u00e1. Estos son solo escenarios posibles para 2028.<\/p>\n<div>S\u00edgueme en Youtube&#8230;<\/div>\n<div><a href=\"https:\/\/www.youtube.com\/channel\/UCC_JSYrYV93iklTEhAjiBqQ?view_as=subscriber\" target=\"_blank\" rel=\"noopener\" data-saferedirecturl=\"https:\/\/www.google.com\/url?q=https:\/\/www.youtube.com\/channel\/UCC_JSYrYV93iklTEhAjiBqQ?view_as%3Dsubscriber&amp;source=gmail&amp;ust=1788626690768000&amp;usg=AOvVaw3dNp3aSC6ZIg-y_y9IAlEX\">https:\/\/www.youtube.com\/<wbr \/>channel\/UCC_<wbr \/>JSYrYV93iklTEhAjiBqQ?view_as=<wbr \/>subscriber<\/a><\/div>\n<div class=\"adL\"><\/div>\n","protected":false},"excerpt":{"rendered":"<p>Por J.C. Malone Faltando 20 meses para las elecciones de mayo de 2028, es buen momento para proyectar posibles escenarios pol\u00edticos, considerando los actores conocidos y los que surgir\u00e1n. Con base en el reporte de cada partido a la Junta Central Electoral, tenemos los \u201cn\u00fameros oficiales\u201d. El Partido de la Liberaci\u00f3n Dominicana (PLD) tiene 2.1 [&hellip;]<\/p>\n","protected":false},"author":1,"featured_media":321662,"comment_status":"open","ping_status":"open","sticky":false,"template":"","format":"standard","meta":{"_bbp_topic_count":0,"_bbp_reply_count":0,"_bbp_total_topic_count":0,"_bbp_total_reply_count":0,"_bbp_voice_count":0,"_bbp_anonymous_reply_count":0,"_bbp_topic_count_hidden":0,"_bbp_reply_count_hidden":0,"_bbp_forum_subforum_count":0,"footnotes":""},"categories":[33],"tags":[],"class_list":["post-473203","post","type-post","status-publish","format-standard","has-post-thumbnail","category-opinion"],"_links":{"self":[{"href":"https:\/\/primermomento.com\/index.php?rest_route=\/wp\/v2\/posts\/473203","targetHints":{"allow":["GET"]}}],"collection":[{"href":"https:\/\/primermomento.com\/index.php?rest_route=\/wp\/v2\/posts"}],"about":[{"href":"https:\/\/primermomento.com\/index.php?rest_route=\/wp\/v2\/types\/post"}],"author":[{"embeddable":true,"href":"https:\/\/primermomento.com\/index.php?rest_route=\/wp\/v2\/users\/1"}],"replies":[{"embeddable":true,"href":"https:\/\/primermomento.com\/index.php?rest_route=%2Fwp%2Fv2%2Fcomments&post=473203"}],"version-history":[{"count":1,"href":"https:\/\/primermomento.com\/index.php?rest_route=\/wp\/v2\/posts\/473203\/revisions"}],"predecessor-version":[{"id":473204,"href":"https:\/\/primermomento.com\/index.php?rest_route=\/wp\/v2\/posts\/473203\/revisions\/473204"}],"wp:featuredmedia":[{"embeddable":true,"href":"https:\/\/primermomento.com\/index.php?rest_route=\/wp\/v2\/media\/321662"}],"wp:attachment":[{"href":"https:\/\/primermomento.com\/index.php?rest_route=%2Fwp%2Fv2%2Fmedia&parent=473203"}],"wp:term":[{"taxonomy":"category","embeddable":true,"href":"https:\/\/primermomento.com\/index.php?rest_route=%2Fwp%2Fv2%2Fcategories&post=473203"},{"taxonomy":"post_tag","embeddable":true,"href":"https:\/\/primermomento.com\/index.php?rest_route=%2Fwp%2Fv2%2Ftags&post=473203"}],"curies":[{"name":"wp","href":"https:\/\/api.w.org\/{rel}","templated":true}]}}