{"id":473211,"date":"2026-09-04T15:17:27","date_gmt":"2026-09-04T19:17:27","guid":{"rendered":"https:\/\/primermomento.com\/?p=473211"},"modified":"2026-09-04T15:17:27","modified_gmt":"2026-09-04T19:17:27","slug":"vicepresidenta-raquel-pena-destaca-el-mercado-de-valores-como-aliado-para-impulsar-la-inversion-y-el-desarrollo-del-pais","status":"publish","type":"post","link":"https:\/\/primermomento.com\/?p=473211","title":{"rendered":"Vicepresidenta Raquel Pe\u00f1a destaca el mercado de valores como aliado para impulsar la inversi\u00f3n y el desarrollo del pa\u00eds"},"content":{"rendered":"<p><strong><em>Por <span style=\"color: #ff0000;\">Servicios de Primermomento.com<\/span><\/em><\/strong><\/p>\n<p><span lang=\"es\">SANTO DOMINGO, Rep\u00fablica Dominicana.- La vicepresidenta de la Rep\u00fablica, Raquel Pe\u00f1a, inaugur\u00f3 este viernes la\u00a0IV Expo Mercado de Valores 2026, una iniciativa de la\u00a0Superintendencia del Mercado de Valores\u00a0(SIMV) que acerca a los dominicanos a las\u00a0oportunidades de inversi\u00f3n\u00a0y muestra el creciente papel del\u00a0mercado de capitales\u00a0en el financiamiento del desarrollo nacional.<\/span><\/p>\n<p><span lang=\"es\">Durante las palabras centrales del acto inaugural, Pe\u00f1a destac\u00f3 el creciente inter\u00e9s de los dominicanos por\u00a0conocer y participar\u00a0en el mercado de valores, as\u00ed como la importancia de continuar\u00a0ampliando el acceso de la poblaci\u00f3n\u00a0a estos instrumentos.<\/span><\/p>\n<p><span lang=\"es\">La vicepresidenta atribuy\u00f3 la evoluci\u00f3n del sector a la confianza que ha generado la\u00a0estabilidad econ\u00f3mica del pa\u00eds\u00a0y al fortalecimiento del marco institucional que acompa\u00f1a su crecimiento.<\/span><\/p>\n<p><span lang=\"es\">\u201cEl mercado de valores es una herramienta para movilizar capital, financiar desarrollo, ampliar oportunidades y, sobre todo, para transformar confianza en futuro\u201d,<\/span><span lang=\"es\">\u00a0expres\u00f3 Pe\u00f1a.<\/span><\/p>\n<p><span lang=\"es\">En ese sentido, destac\u00f3 la importancia de que el mercado de capitales acompa\u00f1e las\u00a0aspiraciones de desarrollo\u00a0trazadas por el gobierno del\u00a0presidente Luis Abinader\u00a0a trav\u00e9s de\u00a0Meta RD 2036, que tiene entre sus principales objetivos\u00a0duplicar el producto interno bruto\u00a0real del pa\u00eds para ese a\u00f1o.<\/span><\/p>\n<p><span lang=\"es\">El superintendente del Mercado de Valores,\u00a0Ernesto Bournigal,\u00a0inform\u00f3 que las emisiones privadas, los fondos de inversi\u00f3n y los fideicomisos de oferta p\u00fablica superaron los\u00a0RD 595,000 millones\u00a0a julio de 2026, reflejo del crecimiento alcanzado por el mercado de valores dominicano.<\/span><\/p>\n<p><span lang=\"es\">Bournigal indic\u00f3 adem\u00e1s que, a trav\u00e9s de los\u00a0fondos de inversi\u00f3n, se han financiado alrededor de\u00a0280 proyectos\u00a0vinculados a m\u00e1s de\u00a057,500 empleos directos\u00a0y cerca de\u00a04,800 indirectos.<\/span><\/p>\n<p><span lang=\"es\">De su lado, el ministro de la Presidencia, Jos\u00e9 Ignacio Paliza, se\u00f1al\u00f3 que el fortalecimiento del mercado de capitales constituye una pieza importante para\u00a0ampliar las oportunidades de inversi\u00f3n\u00a0y respaldar las\u00a0transformaciones econ\u00f3micas\u00a0contempladas en Meta RD 2036.<\/span><\/p>\n<p><span lang=\"es\">La jornada inaugural reuni\u00f3 a representantes del mercado de capitales y del sector financiero, junto con autoridades y especialistas, para analizar las\u00a0necesidades de inversi\u00f3n\u00a0asociadas a Meta RD 2036 y el\u00a0potencial del mercado de valores\u00a0como fuente de financiamiento.<\/span><\/p>\n<p><strong><span lang=\"es\">Jornada abierta al p\u00fablico este s\u00e1bado 5 de septiembre<\/span><\/strong><\/p>\n<p><span lang=\"es\">La Expo Mercado de Valores 2026 continuar\u00e1\u00a0este s\u00e1bado 5 de septiembre\u00a0con una jornada\u00a0gratuita y abierta\u00a0al p\u00fablico, en el\u00a0Santo Domingo Marriott Hotel Piantini, a partir de las 8:30 de la ma\u00f1ana.<\/span><\/p>\n<p><span lang=\"es\">La programaci\u00f3n est\u00e1 orientada a acercar la inversi\u00f3n a quienes desean conocer\u00a0c\u00f3mo funciona el mercado de valores\u00a0y las alternativas disponibles para comenzar a construir patrimonio.<\/span><\/p>\n<p><span lang=\"es\">Durante el d\u00eda, se desarrollar\u00e1n\u00a0conferencias y conversatorios\u00a0sobre c\u00f3mo iniciarse en la inversi\u00f3n, finanzas familiares, inteligencia artificial aplicada a las finanzas y otras herramientas para tomar decisiones financieras informadas.<\/span><\/p>\n<p><span lang=\"es\">Entre las actividades figuran las conferencias \u201cQuiero invertir\u2026 \u00bfPor d\u00f3nde empiezo?\u201d, \u201cConoce tus opciones\u201d, \u201cPor qu\u00e9 vale la pena invertir\u201d y \u201cFamilia, finanzas e inversi\u00f3n\u201d, adem\u00e1s de un conversatorio sobre\u00a0inteligencia artificial y asesor\u00eda financiera.<\/span><\/p>\n<p><span lang=\"es\">Meta RD 2036 constituye la\u00a0hoja de ruta\u00a0impulsada por el\u00a0Gobierno dominicano\u00a0para duplicar el PIB real del pa\u00eds al\u00a02036\u00a0y avanzar hacia\u00a0mayores niveles de desarrollo. Entre sus objetivos se encuentran la creaci\u00f3n de\u00a01.7 millones de nuevos empleos, la\u00a0eliminaci\u00f3n\u00a0de la pobreza extrema y alcanzar el\u00a0grado de inversi\u00f3n.<\/span><\/p>\n","protected":false},"excerpt":{"rendered":"<p>Por Servicios de Primermomento.com SANTO DOMINGO, Rep\u00fablica Dominicana.- La vicepresidenta de la Rep\u00fablica, Raquel Pe\u00f1a, inaugur\u00f3 este viernes la\u00a0IV Expo Mercado de Valores 2026, una iniciativa de la\u00a0Superintendencia del Mercado de Valores\u00a0(SIMV) que acerca a los dominicanos a las\u00a0oportunidades de inversi\u00f3n\u00a0y muestra el creciente papel del\u00a0mercado de capitales\u00a0en el financiamiento del desarrollo nacional. Durante las [&hellip;]<\/p>\n","protected":false},"author":1,"featured_media":473212,"comment_status":"open","ping_status":"open","sticky":false,"template":"","format":"standard","meta":{"_bbp_topic_count":0,"_bbp_reply_count":0,"_bbp_total_topic_count":0,"_bbp_total_reply_count":0,"_bbp_voice_count":0,"_bbp_anonymous_reply_count":0,"_bbp_topic_count_hidden":0,"_bbp_reply_count_hidden":0,"_bbp_forum_subforum_count":0,"footnotes":""},"categories":[30],"tags":[],"class_list":["post-473211","post","type-post","status-publish","format-standard","has-post-thumbnail","category-actualidad"],"_links":{"self":[{"href":"https:\/\/primermomento.com\/index.php?rest_route=\/wp\/v2\/posts\/473211","targetHints":{"allow":["GET"]}}],"collection":[{"href":"https:\/\/primermomento.com\/index.php?rest_route=\/wp\/v2\/posts"}],"about":[{"href":"https:\/\/primermomento.com\/index.php?rest_route=\/wp\/v2\/types\/post"}],"author":[{"embeddable":true,"href":"https:\/\/primermomento.com\/index.php?rest_route=\/wp\/v2\/users\/1"}],"replies":[{"embeddable":true,"href":"https:\/\/primermomento.com\/index.php?rest_route=%2Fwp%2Fv2%2Fcomments&post=473211"}],"version-history":[{"count":1,"href":"https:\/\/primermomento.com\/index.php?rest_route=\/wp\/v2\/posts\/473211\/revisions"}],"predecessor-version":[{"id":473213,"href":"https:\/\/primermomento.com\/index.php?rest_route=\/wp\/v2\/posts\/473211\/revisions\/473213"}],"wp:featuredmedia":[{"embeddable":true,"href":"https:\/\/primermomento.com\/index.php?rest_route=\/wp\/v2\/media\/473212"}],"wp:attachment":[{"href":"https:\/\/primermomento.com\/index.php?rest_route=%2Fwp%2Fv2%2Fmedia&parent=473211"}],"wp:term":[{"taxonomy":"category","embeddable":true,"href":"https:\/\/primermomento.com\/index.php?rest_route=%2Fwp%2Fv2%2Fcategories&post=473211"},{"taxonomy":"post_tag","embeddable":true,"href":"https:\/\/primermomento.com\/index.php?rest_route=%2Fwp%2Fv2%2Ftags&post=473211"}],"curies":[{"name":"wp","href":"https:\/\/api.w.org\/{rel}","templated":true}]}}