{"id":473225,"date":"2026-09-05T09:26:04","date_gmt":"2026-09-05T13:26:04","guid":{"rendered":"https:\/\/primermomento.com\/?p=473225"},"modified":"2026-09-05T09:26:04","modified_gmt":"2026-09-05T13:26:04","slug":"presidente-abinader-prioriza-el-arroz-en-dialogo-tarifario-con-estados-unidos","status":"publish","type":"post","link":"https:\/\/primermomento.com\/?p=473225","title":{"rendered":"Presidente Abinader prioriza el arroz en di\u00e1logo tarifario con Estados Unidos"},"content":{"rendered":"<p><strong><em>Por <span style=\"color: #ff0000;\">Prensa Latina<\/span><\/em><\/strong><\/p>\n<p>SANTO DOMINGO, Rep\u00fablica Dominicana.- El presidente dominicano, Luis Abinader, inform\u00f3 que el arroz constituye uno de los principales puntos de negociaci\u00f3n con Estados Unidos en las conversaciones sobre tarifas, debido a su importancia para el abastecimiento interno.<\/p>\n<div class=\"elementor-element elementor-element-0aea3a0 elementor-widget elementor-widget-theme-post-content\" data-id=\"0aea3a0\" data-element_type=\"widget\" data-e-type=\"widget\" data-widget_type=\"theme-post-content.default\">\n<div class=\"elementor-widget-container\">\n<p>Durante el XXVIII Encuentro de L\u00edderes del Sector Agropecuario, organizado por la Junta Agroempresarial Dominicana, el mandatario afirm\u00f3 que su Gobierno procura defender los sectores productivos estrat\u00e9gicos y alcanzar convenios que protejan tanto a los productores como a los consumidores.<\/p>\n<p>\u201cEstamos negociando acuerdos en ese sentido, siempre defendiendo el inter\u00e9s nacional\u201d, sostuvo Abinader, quien reiter\u00f3 la necesidad de fortalecer la producci\u00f3n nacional sin descuidar el equilibrio de la econom\u00eda.<\/p>\n<p>El gobernante destac\u00f3 adem\u00e1s los programas de mecanizaci\u00f3n que desarrolla el Ministerio de Agricultura para elevar la productividad y reducir de manera significativa la dependencia de mano de obra extranjera en las labores agr\u00edcolas.<\/p>\n<p>Se\u00f1al\u00f3 que la transformaci\u00f3n del campo tambi\u00e9n requiere fortalecer la formaci\u00f3n de t\u00e9cnicos y especialistas, la investigaci\u00f3n, el acceso al agua y la vinculaci\u00f3n entre el Estado, las universidades y el sector productivo.<\/p>\n<p>Ante los efectos de la sequ\u00eda y la variabilidad clim\u00e1tica, llam\u00f3 a coordinar esfuerzos para reducir el impacto de esos fen\u00f3menos sobre la agropecuaria y mejorar la capacidad de respuesta.<\/p>\n<p>El presidente record\u00f3 que la pandemia de Covid-19 demostr\u00f3 la importancia de contar con una producci\u00f3n nacional s\u00f3lida para enfrentar eventuales dificultades en el abastecimiento internacional.<\/p>\n<p>De su lado, el ministro de Agricultura, Francisco Oliverio Espaillat, consider\u00f3 que el relevo generacional constituye uno de los principales desaf\u00edos del sector y llam\u00f3 a crear condiciones para que los j\u00f3venes vean el campo como una oportunidad de desarrollo y emprendimiento.<\/p>\n<p>El funcionario defendi\u00f3 una agricultura basada en el conocimiento, con mayor utilizaci\u00f3n de maquinaria moderna, sistemas de riego inteligente y herramientas de agricultura de precisi\u00f3n.<\/p>\n<\/div>\n<\/div>\n<div class=\"elementor-element elementor-element-4f75016 elementor-widget elementor-widget-post-info\" data-id=\"4f75016\" data-element_type=\"widget\" data-e-type=\"widget\" data-widget_type=\"post-info.default\">\n<div class=\"elementor-widget-container\">\n<ul class=\"elementor-inline-items elementor-icon-list-items elementor-post-info\">\n<li class=\"elementor-icon-list-item elementor-repeater-item-17dda3e elementor-inline-item\"><em><span class=\"elementor-icon-list-text elementor-post-info__item elementor-post-info__item--type-custom\">#<a href=\"https:\/\/primermomento.com\/?p=473225\" rel=\"tag\">aranceles<\/a>\u00a0#<a href=\"https:\/\/primermomento.com\/?p=473225\" rel=\"tag\">arroz<\/a>\u00a0#<a href=\"https:\/\/primermomento.com\/?p=473225\" rel=\"tag\">eeuu<\/a><\/span><\/em><\/li>\n<\/ul>\n<\/div>\n<\/div>\n","protected":false},"excerpt":{"rendered":"<p>Por Prensa Latina SANTO DOMINGO, Rep\u00fablica Dominicana.- El presidente dominicano, Luis Abinader, inform\u00f3 que el arroz constituye uno de los principales puntos de negociaci\u00f3n con Estados Unidos en las conversaciones sobre tarifas, debido a su importancia para el abastecimiento interno. Durante el XXVIII Encuentro de L\u00edderes del Sector Agropecuario, organizado por la Junta Agroempresarial Dominicana, [&hellip;]<\/p>\n","protected":false},"author":1,"featured_media":473226,"comment_status":"open","ping_status":"open","sticky":false,"template":"","format":"standard","meta":{"_bbp_topic_count":0,"_bbp_reply_count":0,"_bbp_total_topic_count":0,"_bbp_total_reply_count":0,"_bbp_voice_count":0,"_bbp_anonymous_reply_count":0,"_bbp_topic_count_hidden":0,"_bbp_reply_count_hidden":0,"_bbp_forum_subforum_count":0,"footnotes":""},"categories":[30],"tags":[],"class_list":["post-473225","post","type-post","status-publish","format-standard","has-post-thumbnail","category-actualidad"],"_links":{"self":[{"href":"https:\/\/primermomento.com\/index.php?rest_route=\/wp\/v2\/posts\/473225","targetHints":{"allow":["GET"]}}],"collection":[{"href":"https:\/\/primermomento.com\/index.php?rest_route=\/wp\/v2\/posts"}],"about":[{"href":"https:\/\/primermomento.com\/index.php?rest_route=\/wp\/v2\/types\/post"}],"author":[{"embeddable":true,"href":"https:\/\/primermomento.com\/index.php?rest_route=\/wp\/v2\/users\/1"}],"replies":[{"embeddable":true,"href":"https:\/\/primermomento.com\/index.php?rest_route=%2Fwp%2Fv2%2Fcomments&post=473225"}],"version-history":[{"count":1,"href":"https:\/\/primermomento.com\/index.php?rest_route=\/wp\/v2\/posts\/473225\/revisions"}],"predecessor-version":[{"id":473227,"href":"https:\/\/primermomento.com\/index.php?rest_route=\/wp\/v2\/posts\/473225\/revisions\/473227"}],"wp:featuredmedia":[{"embeddable":true,"href":"https:\/\/primermomento.com\/index.php?rest_route=\/wp\/v2\/media\/473226"}],"wp:attachment":[{"href":"https:\/\/primermomento.com\/index.php?rest_route=%2Fwp%2Fv2%2Fmedia&parent=473225"}],"wp:term":[{"taxonomy":"category","embeddable":true,"href":"https:\/\/primermomento.com\/index.php?rest_route=%2Fwp%2Fv2%2Fcategories&post=473225"},{"taxonomy":"post_tag","embeddable":true,"href":"https:\/\/primermomento.com\/index.php?rest_route=%2Fwp%2Fv2%2Ftags&post=473225"}],"curies":[{"name":"wp","href":"https:\/\/api.w.org\/{rel}","templated":true}]}}