{"id":473238,"date":"2026-09-05T12:49:27","date_gmt":"2026-09-05T16:49:27","guid":{"rendered":"https:\/\/primermomento.com\/?p=473238"},"modified":"2026-09-05T12:49:27","modified_gmt":"2026-09-05T16:49:27","slug":"margarita-cedeno-reacciona-esperanzada-en-que-el-director-del-intrant-lleve-orden-y-seguridad-al-transito","status":"publish","type":"post","link":"https:\/\/primermomento.com\/?p=473238","title":{"rendered":"Margarita Cede\u00f1o reacciona esperanzada en que el director del INTRANT lleve orden y seguridad al tr\u00e1nsito"},"content":{"rendered":"<p align=\"justify\"><strong><em>Por<span style=\"color: #ff0000;\"> Servicios de Primermomento.com<\/span><\/em><\/strong><\/p>\n<p align=\"justify\"><span style=\"font-family: Times New Roman, serif;\"><span style=\"font-size: medium;\"><span lang=\"es-ES\">SANTO DOMINGO, Rep\u00fablica Dominicana.- La exvicepresidenta de la Rep\u00fablica, Margarita Cede\u00f1o, manifest\u00f3 su esperanza y confianza en que el director ejecutivo del Instituto Nacional de Tr\u00e1nsito y Transporte Terrestre (INTRANT), Juan Manuel M\u00e9ndez Garc\u00eda, contribuya a recuperar el orden y fortalecer la seguridad en las calles del pa\u00eds.<\/span><\/span><\/span><\/p>\n<p align=\"justify\"><span style=\"font-family: Times New Roman, serif;\"><span style=\"font-size: medium;\"><span lang=\"es-ES\">La valoraci\u00f3n fue expresada por Cede\u00f1o a trav\u00e9s de su cuenta en la red social X, luego de observar la entrevista concedida por M\u00e9ndez Garc\u00eda al programa El Despertador, del Grupo SIN, en la que el director del INTRANT abord\u00f3 los principales desaf\u00edos del tr\u00e1nsito dominicano y expuso los lineamientos que orientar\u00e1n su gesti\u00f3n al frente del \u00f3rgano rector del sistema.<\/span><\/span><\/span><\/p>\n<p align=\"justify\"><span style=\"font-family: Times New Roman, serif;\"><span style=\"font-size: medium;\"><span lang=\"es-ES\">\u201cEsta entrevista del General Juan Manuel M\u00e9ndez, director del INTRANT, me devuelve la esperanza y fortalece mi confianza en que podemos recuperar el orden y la seguridad en nuestras calles\u201d, expres\u00f3 la exvicepresidenta.<\/span><\/span><\/span><\/p>\n<p align=\"justify\"><span style=\"font-family: Times New Roman, serif;\"><span style=\"font-size: medium;\"><span lang=\"es-ES\"><b>Una oportunidad para recuperar el orden<\/b><\/span><\/span><\/span><\/p>\n<p align=\"justify\"><span style=\"font-family: Times New Roman, serif;\"><span style=\"font-size: medium;\"><span lang=\"es-ES\">Cede\u00f1o sostuvo que todos los ciudadanos tienen derecho a transitar sin miedo, ansiedad o sentirse amenazados por conductas imprudentes que puedan poner vidas en peligro, al tiempo que consider\u00f3 indispensable que las normas sean cumplidas y aplicadas de manera igualitaria.<\/span><\/span><\/span><\/p>\n<p align=\"justify\"><span style=\"font-family: Times New Roman, serif;\"><span style=\"font-size: medium;\"><span lang=\"es-ES\">En ese sentido, destac\u00f3 que el orden en las v\u00edas trasciende el problema del tr\u00e1nsito, al considerarlo una cuesti\u00f3n relacionada con el respeto, la convivencia y, fundamentalmente, la protecci\u00f3n de la vida.<\/span><\/span><\/span><\/p>\n<p align=\"justify\"><span style=\"font-family: Times New Roman, serif;\"><span style=\"font-size: medium;\"><span lang=\"es-ES\">La exvicepresidenta tambi\u00e9n resalt\u00f3 la necesidad de que detr\u00e1s de cada pol\u00edtica de movilidad exista una visi\u00f3n centrada en las personas, recordando que cada conductor, motociclista y peat\u00f3n representa una familia que espera su regreso a casa.<\/span><\/span><\/span><\/p>\n<p align=\"justify\"><span style=\"font-family: Times New Roman, serif;\"><span style=\"font-size: medium;\"><span lang=\"es-ES\"><b>Reconoce experiencia y vocaci\u00f3n de servicio de M\u00e9ndez<\/b><\/span><\/span><\/span><\/p>\n<p align=\"justify\"><span style=\"font-family: Times New Roman, serif;\"><span style=\"font-size: medium;\"><span lang=\"es-ES\">Cede\u00f1o valor\u00f3 especialmente la trayectoria del director del INTRANT, destacando su experiencia, capacidad de gerencia y vocaci\u00f3n de servicio como elementos que pueden contribuir a enfrentar uno de los principales desaf\u00edos que tiene el pa\u00eds en materia de movilidad y seguridad vial.<\/span><\/span><\/span><\/p>\n<p align=\"justify\"><span style=\"font-family: Times New Roman, serif;\"><span style=\"font-size: medium;\"><span lang=\"es-ES\">\u201cSu experiencia, capacidad de gerencia y vocaci\u00f3n de servicio representan una oportunidad para avanzar en este desaf\u00edo que nos concierne a todos\u201d, afirm\u00f3.<\/span><\/span><\/span><\/p>\n<p align=\"justify\"><span style=\"font-family: Times New Roman, serif;\"><span style=\"font-size: medium;\"><span lang=\"es-ES\">Las declaraciones se producen en momentos en que la nueva gesti\u00f3n del INTRANT ha planteado como uno de sus principales ejes el fortalecimiento de la rector\u00eda del sistema, el cumplimiento de la Ley 63-17, la coordinaci\u00f3n interinstitucional y la aplicaci\u00f3n de medidas orientadas a mejorar la seguridad vial.<\/span><\/span><\/span><\/p>\n<p align=\"justify\"><span style=\"font-family: Times New Roman, serif;\"><span style=\"font-size: medium;\"><span lang=\"es-ES\"><b>Llamado a colocar la vida por encima de las diferencias<\/b><\/span><\/span><\/span><\/p>\n<p align=\"justify\"><span style=\"font-family: Times New Roman, serif;\"><span style=\"font-size: medium;\"><span lang=\"es-ES\">En su mensaje, Cede\u00f1o hizo adem\u00e1s un llamado a que las diferencias pol\u00edticas no se conviertan en un obst\u00e1culo para las acciones dirigidas a proteger a la ciudadan\u00eda.<\/span><\/span><\/span><\/p>\n<p align=\"justify\"><span style=\"font-family: Times New Roman, serif;\"><span style=\"font-size: medium;\"><span lang=\"es-ES\">\u201cCuando se trata de proteger vidas y hacer cumplir la ley, el pa\u00eds debe estar por encima de cualquier diferencia pol\u00edtica\u201d, manifest\u00f3.<\/span><\/span><\/span><\/p>\n<p align=\"justify\"><span style=\"font-family: Times New Roman, serif;\"><span style=\"font-size: medium;\"><span lang=\"es-ES\">La valoraci\u00f3n de la exvicepresidenta coincide con el enfoque que ha planteado M\u00e9ndez Garc\u00eda desde su llegada al INTRANT, basado en una instituci\u00f3n abierta al di\u00e1logo, pero firme en el cumplimiento de la legislaci\u00f3n y en la responsabilidad que corresponde a cada actor del sistema de tr\u00e1nsito y transporte.<\/span><\/span><\/span><\/p>\n<p align=\"justify\"><span style=\"font-family: Times New Roman, serif;\"><span style=\"font-size: medium;\"><span lang=\"es-ES\">El director ejecutivo del INTRANT ha reiterado que su gesti\u00f3n trabajar\u00e1 para ordenar, coordinar y hacer cumplir la ley, entendiendo que la seguridad vial requiere el compromiso conjunto de las autoridades, conductores, motociclistas, peatones y todos los sectores de la sociedad.<\/span><\/span><\/span><\/p>\n<p align=\"justify\"><span style=\"font-family: Times New Roman, serif;\"><span style=\"font-size: medium;\"><span lang=\"es-ES\">La exvicepresidenta concluy\u00f3 su mensaje dese\u00e1ndole al director del INTRANT sabidur\u00eda y fortaleza para asumir este desaf\u00edo, destacando la importancia de avanzar hacia calles donde el respeto a las normas y la protecci\u00f3n de la vida sean prioridades.<\/span><\/span><\/span><\/p>\n<p align=\"justify\"><span style=\"font-family: Times New Roman, serif;\"><span style=\"font-size: medium;\"><span lang=\"es-ES\">El respaldo expresado por Cede\u00f1o constituye una valoraci\u00f3n al enfoque de una gesti\u00f3n que coloca el orden, el cumplimiento de la ley y la protecci\u00f3n de la vida en el centro de sus acciones.<\/span><\/span><\/span><\/p>\n<p align=\"justify\"><img decoding=\"async\" src=\"https:\/\/mail.google.com\/mail\/u\/0?ui=2&amp;ik=d41311e678&amp;attid=0.1&amp;permmsgid=msg-f:1875505897182889289&amp;th=1a0722ad37bc8549&amp;view=fimg&amp;fur=ip&amp;permmsgid=msg-f:1875505897182889289&amp;sz=s0-l75-ft&amp;attbid=ANGjdJ_4gxqPwvZGanHMQiblXrpD8bu1p29S4hdozm-5SQvPNy5xv8XlkhnA2BYfIE-8IL1YPqDunuAY3dCf6O_WJ0UmFMU_ODZ4vOI7ZNpL7QXFdTi_vOQp6IeIBX4&amp;disp=emb&amp;realattid=ii_mtoj82iv0&amp;zw\" alt=\"twitter o X copia.jpg.jpeg\" \/><\/p>\n","protected":false},"excerpt":{"rendered":"<p>Por Servicios de Primermomento.com SANTO DOMINGO, Rep\u00fablica Dominicana.- La exvicepresidenta de la Rep\u00fablica, Margarita Cede\u00f1o, manifest\u00f3 su esperanza y confianza en que el director ejecutivo del Instituto Nacional de Tr\u00e1nsito y Transporte Terrestre (INTRANT), Juan Manuel M\u00e9ndez Garc\u00eda, contribuya a recuperar el orden y fortalecer la seguridad en las calles del pa\u00eds. La valoraci\u00f3n fue [&hellip;]<\/p>\n","protected":false},"author":1,"featured_media":473239,"comment_status":"open","ping_status":"open","sticky":false,"template":"","format":"standard","meta":{"_bbp_topic_count":0,"_bbp_reply_count":0,"_bbp_total_topic_count":0,"_bbp_total_reply_count":0,"_bbp_voice_count":0,"_bbp_anonymous_reply_count":0,"_bbp_topic_count_hidden":0,"_bbp_reply_count_hidden":0,"_bbp_forum_subforum_count":0,"footnotes":""},"categories":[30],"tags":[],"class_list":["post-473238","post","type-post","status-publish","format-standard","has-post-thumbnail","category-actualidad"],"_links":{"self":[{"href":"https:\/\/primermomento.com\/index.php?rest_route=\/wp\/v2\/posts\/473238","targetHints":{"allow":["GET"]}}],"collection":[{"href":"https:\/\/primermomento.com\/index.php?rest_route=\/wp\/v2\/posts"}],"about":[{"href":"https:\/\/primermomento.com\/index.php?rest_route=\/wp\/v2\/types\/post"}],"author":[{"embeddable":true,"href":"https:\/\/primermomento.com\/index.php?rest_route=\/wp\/v2\/users\/1"}],"replies":[{"embeddable":true,"href":"https:\/\/primermomento.com\/index.php?rest_route=%2Fwp%2Fv2%2Fcomments&post=473238"}],"version-history":[{"count":1,"href":"https:\/\/primermomento.com\/index.php?rest_route=\/wp\/v2\/posts\/473238\/revisions"}],"predecessor-version":[{"id":473240,"href":"https:\/\/primermomento.com\/index.php?rest_route=\/wp\/v2\/posts\/473238\/revisions\/473240"}],"wp:featuredmedia":[{"embeddable":true,"href":"https:\/\/primermomento.com\/index.php?rest_route=\/wp\/v2\/media\/473239"}],"wp:attachment":[{"href":"https:\/\/primermomento.com\/index.php?rest_route=%2Fwp%2Fv2%2Fmedia&parent=473238"}],"wp:term":[{"taxonomy":"category","embeddable":true,"href":"https:\/\/primermomento.com\/index.php?rest_route=%2Fwp%2Fv2%2Fcategories&post=473238"},{"taxonomy":"post_tag","embeddable":true,"href":"https:\/\/primermomento.com\/index.php?rest_route=%2Fwp%2Fv2%2Ftags&post=473238"}],"curies":[{"name":"wp","href":"https:\/\/api.w.org\/{rel}","templated":true}]}}