{"id":473246,"date":"2026-09-05T08:02:55","date_gmt":"2026-09-05T12:02:55","guid":{"rendered":"https:\/\/primermomento.com\/?p=473246"},"modified":"2026-09-05T13:03:05","modified_gmt":"2026-09-05T17:03:05","slug":"abinader-inaugura-via-estrategica-para-el-avance-del-este-dominicano","status":"publish","type":"post","link":"https:\/\/primermomento.com\/?p=473246","title":{"rendered":"Abinader inaugura v\u00eda estrat\u00e9gica para el avance del Este dominicano"},"content":{"rendered":"<p><strong><em>Por <span style=\"color: #ff0000;\">Prensa Latina<\/span><\/em><\/strong><\/p>\n<p>SANTO DOMINGO, Rep\u00fablica Dominicana.- El presidente dominicano, Luis Abinader, inaugur\u00f3 la reconstrucci\u00f3n de la carretera que comunica el cruce de la autov\u00eda del Coral con Boca de Chav\u00f3n, en el municipio de San Rafael del Yuma, provincia de La Altagracia.<\/p>\n<div class=\"elementor-element elementor-element-0aea3a0 elementor-widget elementor-widget-theme-post-content\" data-id=\"0aea3a0\" data-element_type=\"widget\" data-e-type=\"widget\" data-widget_type=\"theme-post-content.default\">\n<div class=\"elementor-widget-container\">\n<p>La v\u00eda, rehabilitada por el Ministerio de Obras P\u00fablicas y Comunicaciones, comprende m\u00e1s de 5,5 kil\u00f3metros de asfaltado y mejora la conexi\u00f3n de Boca de Chav\u00f3n con la autov\u00eda del Coral, uno de los principales corredores viales de la regi\u00f3n oriental del pa\u00eds.<\/p>\n<p>Seg\u00fan las autoridades, la obra beneficiar\u00e1 a m\u00e1s de tres mil 500 residentes de Boca de Chav\u00f3n y facilitar\u00e1 el desplazamiento de pobladores, visitantes y sectores productivos como la pesca, la agricultura y el comercio.<\/p>\n<p>La intervenci\u00f3n incluye calles asfaltadas, iluminaci\u00f3n y aceras, adem\u00e1s de mejoras destinadas a elevar la seguridad vial y reducir los tiempos de traslado hacia otros puntos de La Altagracia, en el extremo oriental del pa\u00eds.<\/p>\n<p>Durante el acto, el ministro de Obras P\u00fablicas, Eduardo Estrella, destac\u00f3 la importancia de la infraestructura para el desarrollo de las comunidades y la generaci\u00f3n de oportunidades econ\u00f3micas.<\/p>\n<p>En el marco de las intervenciones realizadas en La Altagracia, el Ministerio tambi\u00e9n entreg\u00f3 la reconstrucci\u00f3n de 2,62 kil\u00f3metros de calles en las inmediaciones de la escuela C\u00e1ndido Eligio Guerrero, en el sector San Pedro de Hig\u00fcey.<\/p>\n<\/div>\n<\/div>\n<div class=\"elementor-element elementor-element-4f75016 elementor-widget elementor-widget-post-info\" data-id=\"4f75016\" data-element_type=\"widget\" data-e-type=\"widget\" data-widget_type=\"post-info.default\">\n<div class=\"elementor-widget-container\">\n<ul class=\"elementor-inline-items elementor-icon-list-items elementor-post-info\">\n<li class=\"elementor-icon-list-item elementor-repeater-item-17dda3e elementor-inline-item\"><em><span class=\"elementor-icon-list-text elementor-post-info__item elementor-post-info__item--type-custom\">#<a href=\"https:\/\/primermomento.com\/?p=473246\" rel=\"tag\">Boca de Ch\u00e1v\u00f3n<\/a>\u00a0#<a href=\"https:\/\/primermomento.com\/?p=473246\" rel=\"tag\">inauguraciones<\/a>\u00a0#<a href=\"https:\/\/primermomento.com\/?p=473246\" rel=\"tag\">vial<\/a><\/span><\/em><\/li>\n<\/ul>\n<\/div>\n<\/div>\n","protected":false},"excerpt":{"rendered":"<p>Por Prensa Latina SANTO DOMINGO, Rep\u00fablica Dominicana.- El presidente dominicano, Luis Abinader, inaugur\u00f3 la reconstrucci\u00f3n de la carretera que comunica el cruce de la autov\u00eda del Coral con Boca de Chav\u00f3n, en el municipio de San Rafael del Yuma, provincia de La Altagracia. La v\u00eda, rehabilitada por el Ministerio de Obras P\u00fablicas y Comunicaciones, comprende [&hellip;]<\/p>\n","protected":false},"author":1,"featured_media":473247,"comment_status":"open","ping_status":"open","sticky":false,"template":"","format":"standard","meta":{"_bbp_topic_count":0,"_bbp_reply_count":0,"_bbp_total_topic_count":0,"_bbp_total_reply_count":0,"_bbp_voice_count":0,"_bbp_anonymous_reply_count":0,"_bbp_topic_count_hidden":0,"_bbp_reply_count_hidden":0,"_bbp_forum_subforum_count":0,"footnotes":""},"categories":[38],"tags":[],"class_list":["post-473246","post","type-post","status-publish","format-standard","has-post-thumbnail","category-sociedad"],"_links":{"self":[{"href":"https:\/\/primermomento.com\/index.php?rest_route=\/wp\/v2\/posts\/473246","targetHints":{"allow":["GET"]}}],"collection":[{"href":"https:\/\/primermomento.com\/index.php?rest_route=\/wp\/v2\/posts"}],"about":[{"href":"https:\/\/primermomento.com\/index.php?rest_route=\/wp\/v2\/types\/post"}],"author":[{"embeddable":true,"href":"https:\/\/primermomento.com\/index.php?rest_route=\/wp\/v2\/users\/1"}],"replies":[{"embeddable":true,"href":"https:\/\/primermomento.com\/index.php?rest_route=%2Fwp%2Fv2%2Fcomments&post=473246"}],"version-history":[{"count":1,"href":"https:\/\/primermomento.com\/index.php?rest_route=\/wp\/v2\/posts\/473246\/revisions"}],"predecessor-version":[{"id":473248,"href":"https:\/\/primermomento.com\/index.php?rest_route=\/wp\/v2\/posts\/473246\/revisions\/473248"}],"wp:featuredmedia":[{"embeddable":true,"href":"https:\/\/primermomento.com\/index.php?rest_route=\/wp\/v2\/media\/473247"}],"wp:attachment":[{"href":"https:\/\/primermomento.com\/index.php?rest_route=%2Fwp%2Fv2%2Fmedia&parent=473246"}],"wp:term":[{"taxonomy":"category","embeddable":true,"href":"https:\/\/primermomento.com\/index.php?rest_route=%2Fwp%2Fv2%2Fcategories&post=473246"},{"taxonomy":"post_tag","embeddable":true,"href":"https:\/\/primermomento.com\/index.php?rest_route=%2Fwp%2Fv2%2Ftags&post=473246"}],"curies":[{"name":"wp","href":"https:\/\/api.w.org\/{rel}","templated":true}]}}